{"id":11828,"date":"2024-04-03T11:38:31","date_gmt":"2024-04-03T09:38:31","guid":{"rendered":"https:\/\/www.fillesstesprit.org\/?p=11828"},"modified":"2024-04-03T18:11:22","modified_gmt":"2024-04-03T16:11:22","slug":"diogenes-flores-pineda","status":"publish","type":"post","link":"https:\/\/www.fillesstesprit.org\/es\/diogenes-flores-pineda\/","title":{"rendered":"DI\u00d3GENES Flores Pineda"},"content":{"rendered":"<p>[et_pb_section][et_pb_row][et_pb_column type=\u00bb4_4&#8243;][et_pb_text]<\/p>\n<h6>Nombre: <strong>DI\u00d3GENES Flores Pineda<br \/>\n<\/strong>Fecha nacimiento: 8 de septiembre de 1956<br \/>\n<strong><em>Fecha de Alianza<\/em><\/strong><strong><em> a la Congr\u00e9gation des Filles du Saint-Esprit: 1 de diciembre de 2002<br \/>\n<\/em><\/strong>Fecha fallecimiento: 2 de abril de 2024<\/h6>\n<h6 style=\"text-align: justify;\">Nuestro amigo y hermano espiritual, inici\u00f3 su preparaci\u00f3n como pre asociados el a\u00f1o 1999 junto a 7 integrantes del sector norte de la ciudad de Antofagasta, en el per\u00edodo 1999-2002 sus formadoras fueron las hermanas Antonieta L\u00e9pinay, Angelina Lemoing, Mar\u00eda Archambault, Gaby Larvor y Odile Le Bras.<br \/>\nDi\u00f3genes, fue una persona noble de gran coraz\u00f3n, siempre atento y solidario para ir en ayuda de quien lo necesitara. Un hombre recto y fiel a Dios. Poeta de coraz\u00f3n, ten\u00eda las palabras precisas para transmitir sus sentimientos y agradecimientos a las hermanas que retornaban a su pa\u00eds de origen.<br \/>\nEn la despedida algunos asociados han expresado lo siguiente: <em>\u201cDi\u00f3genes hoy llegas a la casa del Padre, descansa en paz querido amigo\u201d, \u201cDescansa en los brazos del Se\u00f1or, all\u00ed donde no hay m\u00e1s dolor solo mucha paz y felicidad, donde recorrer\u00e1s junto a Mar\u00eda Sant\u00edsima nuestra tierna madre, las hermosas praderas del cielo\u201d, \u201cVuela alto bella persona, estoy segura de que est\u00e1s en los brazos del Se\u00f1or, f\u00edsicamente ya no est\u00e1s, pero quedas en el coraz\u00f3n de todos aquellos que tuvimos la bendici\u00f3n de conocerte\u201d <\/em><\/h6>\n<p><span class=\"reference\"><em>\u00a0<\/em><strong><em>Asociados de Antofagasta \u2013 Chile<\/em><\/strong><\/span><\/p>\n<p>&nbsp;<\/p>\n<p>[\/et_pb_text][\/et_pb_column][\/et_pb_row][\/et_pb_section]<\/p>\n","protected":false},"excerpt":{"rendered":"<p><div class=\"et_pb_section et_pb_section_0 et_section_regular\" >\n\t\t\t\t\n\t\t\t\t\n\t\t\t\t\n\t\t\t\t\n\t\t\t\t\n\t\t\t\t\n\t\t\t\t\n\t\t\t\t\n\t\t\t\t\n\t\t\t<\/div><div class=\"et_pb_row et_pb_row_0 et_pb_row_empty\">\n\t\t\t\t\n\t\t\t\t\n\t\t\t\t\n\t\t\t\t\n\t\t\t\t\n\t\t\t<\/div><div class=\"et_pb_module et_pb_text et_pb_text_0  et_pb_text_align_left et_pb_bg_layout_light\">\n\t\t\t\t\n\t\t\t\t\n\t\t\t\t\n\t\t\t\t\n\t\t\t\t\n\t\t\t<\/div> Nombre: DI\u00d3GENES Flores Pineda Fecha nacimiento: 8 de septiembre de 1956 Fecha de Alianza a la Congr\u00e9gation des Filles du Saint-Esprit: 1 de diciembre de 2002 Fecha fallecimiento: 2 de abril de 2024 Nuestro amigo y hermano espiritual, inici\u00f3 su preparaci\u00f3n como pre asociados el a\u00f1o 1999 junto a 7 integrantes del sector norte [&hellip;]<\/p>\n","protected":false},"author":1,"featured_media":11821,"comment_status":"closed","ping_status":"closed","sticky":false,"template":"","format":"standard","meta":{"_acf_changed":false,"_et_pb_use_builder":"on","_et_pb_old_content":"<h6>Nombre: <strong>DI\u00d3GENES Flores Pineda<br \/><\/strong>Fecha nacimiento: 8 de septiembre de 1956<br \/><strong><em>Fecha de Alianza<\/em><\/strong><strong><em> a la Congr\u00e9gation des Filles du Saint-Esprit: 1 de diciembre de 2002<br \/><\/em><\/strong>Fecha fallecimiento: 2 de abril de 2024<\/h6><h6 style=\"text-align: justify;\">Nuestro amigo y hermano espiritual, inici\u00f3 su preparaci\u00f3n como pre asociados el a\u00f1o 1999 junto a 7 integrantes del sector norte de la ciudad de Antofagasta, en el per\u00edodo 1999-2002 sus formadoras fueron las hermanas Antonieta L\u00e9pinay, Angelina Lemoing, Mar\u00eda Archambault, Gaby Larvor y Odile Le Bras.<br \/>Di\u00f3genes, fue una persona noble de gran coraz\u00f3n, siempre atento y solidario para ir en ayuda de quien lo necesitara. Un hombre recto y fiel a Dios. Poeta de coraz\u00f3n, ten\u00eda las palabras precisas para transmitir sus sentimientos y agradecimientos a las hermanas que retornaban a su pa\u00eds de origen.<br \/>En la despedida algunos asociados han expresado lo siguiente: <em>\u201cDi\u00f3genes hoy llegas a la casa del Padre, descansa en paz querido amigo\u201d, \u201cDescansa en los brazos del Se\u00f1or, all\u00ed donde no hay m\u00e1s dolor solo mucha paz y felicidad, donde recorrer\u00e1s junto a Mar\u00eda Sant\u00edsima nuestra tierna madre, las hermosas praderas del cielo\u201d, \u201cVuela alto bella persona, estoy segura de que est\u00e1s en los brazos del Se\u00f1or, f\u00edsicamente ya no est\u00e1s, pero quedas en el coraz\u00f3n de todos aquellos que tuvimos la bendici\u00f3n de conocerte\u201d <\/em><\/h6><p><span class=\"reference\"><em>\u00a0<\/em><strong><em>Asociados de Antofagasta \u2013 Chile<\/em><\/strong><\/span><\/p><p>\u00a0<\/p>","_et_gb_content_width":"","footnotes":""},"categories":[51],"tags":[],"class_list":["post-11828","post","type-post","status-publish","format-standard","has-post-thumbnail","hentry","category-en-memoria-de"],"acf":[],"_links":{"self":[{"href":"https:\/\/www.fillesstesprit.org\/es\/wp-json\/wp\/v2\/posts\/11828","targetHints":{"allow":["GET"]}}],"collection":[{"href":"https:\/\/www.fillesstesprit.org\/es\/wp-json\/wp\/v2\/posts"}],"about":[{"href":"https:\/\/www.fillesstesprit.org\/es\/wp-json\/wp\/v2\/types\/post"}],"author":[{"embeddable":true,"href":"https:\/\/www.fillesstesprit.org\/es\/wp-json\/wp\/v2\/users\/1"}],"replies":[{"embeddable":true,"href":"https:\/\/www.fillesstesprit.org\/es\/wp-json\/wp\/v2\/comments?post=11828"}],"version-history":[{"count":2,"href":"https:\/\/www.fillesstesprit.org\/es\/wp-json\/wp\/v2\/posts\/11828\/revisions"}],"predecessor-version":[{"id":11834,"href":"https:\/\/www.fillesstesprit.org\/es\/wp-json\/wp\/v2\/posts\/11828\/revisions\/11834"}],"wp:featuredmedia":[{"embeddable":true,"href":"https:\/\/www.fillesstesprit.org\/es\/wp-json\/wp\/v2\/media\/11821"}],"wp:attachment":[{"href":"https:\/\/www.fillesstesprit.org\/es\/wp-json\/wp\/v2\/media?parent=11828"}],"wp:term":[{"taxonomy":"category","embeddable":true,"href":"https:\/\/www.fillesstesprit.org\/es\/wp-json\/wp\/v2\/categories?post=11828"},{"taxonomy":"post_tag","embeddable":true,"href":"https:\/\/www.fillesstesprit.org\/es\/wp-json\/wp\/v2\/tags?post=11828"}],"curies":[{"name":"wp","href":"https:\/\/api.w.org\/{rel}","templated":true}]}}