{"id":19251,"date":"2025-07-02T06:07:50","date_gmt":"2025-07-02T04:07:50","guid":{"rendered":"https:\/\/www.fillesstesprit.org\/?p=19251"},"modified":"2025-07-02T15:35:20","modified_gmt":"2025-07-02T13:35:20","slug":"peregrinacion-a-las-fuentes-en-taden","status":"publish","type":"post","link":"https:\/\/www.fillesstesprit.org\/es\/peregrinacion-a-las-fuentes-en-taden\/","title":{"rendered":"Peregrinaci\u00f3n a las Fuentes en Taden"},"content":{"rendered":"<p>[et_pb_section fb_built=\u00bb1&#8243; _builder_version=\u00bb4.16&#8243; global_colors_info=\u00bb{}\u00bb][et_pb_row _builder_version=\u00bb4.16&#8243; background_size=\u00bbinitial\u00bb background_position=\u00bbtop_left\u00bb background_repeat=\u00bbrepeat\u00bb global_colors_info=\u00bb{}\u00bb][et_pb_column type=\u00bb4_4&#8243; _builder_version=\u00bb4.16&#8243; custom_padding=\u00bb|||\u00bb global_colors_info=\u00bb{}\u00bb custom_padding__hover=\u00bb|||\u00bb][et_pb_text _builder_version=\u00bb4.27.4&#8243; background_size=\u00bbinitial\u00bb background_position=\u00bbtop_left\u00bb background_repeat=\u00bbrepeat\u00bb hover_enabled=\u00bb0&#8243; global_colors_info=\u00bb{}\u00bb sticky_enabled=\u00bb0&#8243;]<\/p>\n<h4 style=\"text-align: justify;\"><strong>El 26 de abril, un grupo de Asociados de las Hijas del Esp\u00edritu Santo viaj\u00f3 a Taden, en Breta\u00f1a, cerca de Dinan, para seguir las huellas de los \u00abEsposos caritativos\u00bb Claude Toussaint Marot (1675-1755) y Marguerite Picquet de la Motte (1681-1757), conde y condesa de La Garaye, y despu\u00e9s las de las primeras Hijas del Esp\u00edritu Santo<\/strong><\/h4>\n<h5 style=\"text-align: justify;\"><strong><br \/><\/strong>Procedentes de la Orne, la Manche y 3 departamentos bretones, nos reunimos en el castillo de la Garaye, en Taden, en el mismo lugar donde Claude y Marguerite vivieron la mayor parte de su vida.<br \/>Al comenzar las celebraciones f\u00fanebres del papa Francisco en Roma, entramos en comuni\u00f3n con la Iglesia universal y confiamos nuestra peregrinaci\u00f3n al Esp\u00edritu Santo: \u00abEsp\u00edritu de Dios, vis\u00edtanos, Ternura del Padre y del Hijo&#8230;\u00bb. Este canto nos acompa\u00f1ar\u00e1 durante toda la jornada.<\/h5>\n<h5 style=\"text-align: justify;\">Frente a las ruinas del castillo, la ma\u00f1ana se dedica a recordar la vida ejemplar de esta pareja que, hacia 1710, decidi\u00f3 renunciar a su vida de lujo para entregarse enteramente a Dios al servicio de los pobres.<br \/>Tras un picnic compartido en una gran sala de la casa rural La Garaye, partimos para seguir las huellas de las primeras Hijas del Esp\u00edritu Santo que vinieron de Pl\u00e9rin a Taden en 1729, en la casa del \u00abPetit Bon Espoir\u00bb donada por el Conde y la Condesa. Tuvimos la oportunidad de visitar el lugar donde las hermanas del \u00abPetit Bon Espoir\u00bb viv\u00edan y trabajaban con escolares, pobres y enfermos en su propia casa. Conocimos a la propietaria, gracias a la cual se han conservado los edificios de lo que fue una casa de retiro espiritual.<\/h5>\n<p>Para concluir esta emotiva jornada, rezamos y cantamos al Esp\u00edritu Santo en la iglesia de Taden, donde el matrimonio sol\u00eda participar en los oficios dominicales con sus feligreses.<br \/>Despu\u00e9s nos tomamos un tiempo para compartir entre nosotros, haci\u00e9ndonos las siguientes preguntas: <em>\u00ab\u00bfQu\u00e9 luz y qu\u00e9 llamadas he recibido hoy durante esta Peregrinaci\u00f3n a las Fuentes? \u00bfCon qu\u00e9 me ir\u00e9?\u00a0\u00bb<\/em> Muchos de nosotros pudimos expresar nuestro agradecimiento por este d\u00eda.<\/p>\n<p style=\"text-align: justify;\"><strong>Es justo decir que, al final del d\u00eda, no \u00e9ramos las mismas personas que cuando llegamos aquella ma\u00f1ana. La emoci\u00f3n que vivimos juntos, en el mismo lugar donde vivi\u00f3 esta pareja, nos hizo percibir la obra del Esp\u00edritu que obr\u00f3 en el coraz\u00f3n de Claude y Marguerite, a trav\u00e9s de su vida entregada, el \u00fanico camino que les parec\u00eda posible: el del servicio a los dem\u00e1s y el de compartir su<\/strong> fe.<br \/>Su l\u00e1pida, a la salida de la iglesia, sigue siendo un recuerdo conmovedor de su presencia aqu\u00ed.<\/p>\n<p>Un agradecimiento especial a las personas que nos acogieron en La Garaye y Le Petit Bon-Espoir y nos abrieron las puertas de la iglesia de Taden.<\/p>\n<p><span class=\"reference\"><strong><em>Bernard Schoenhenz<\/em><\/strong><em>, con el Servicio de Archivos del HES.<br \/><\/em><\/span><em><span class=\"reference\"><strong>Publicado el 2 de julio de 2025<\/strong>, aniversario de la muerte del Conde de La Garaye el 2 de julio de 1755, <\/span><br \/><span class=\"reference\">fecha en la que se celebrar\u00e1 una misa en la iglesia de Taden.\u00a0<\/span>\u00a0 <\/em><\/p>\n<p>&nbsp;<\/p>\n<p><span class=\"reference\"><em>\u00a0<\/em><\/span><\/p>\n<p>&nbsp;<\/p>\n<p>[\/et_pb_text][et_pb_gallery gallery_ids=\u00bb19234,19237,19240,19243,19246&#8243; posts_number=\u00bb20&#8243; show_title_and_caption=\u00bboff\u00bb show_pagination=\u00bboff\u00bb _builder_version=\u00bb4.27.4&#8243; _module_preset=\u00bbdefault\u00bb global_colors_info=\u00bb{}\u00bb][\/et_pb_gallery][\/et_pb_column][\/et_pb_row][\/et_pb_section]<\/p>\n","protected":false},"excerpt":{"rendered":"<p>El 26 de abril, un grupo de Asociados de las Hijas del Esp\u00edritu Santo viaj\u00f3 a Taden, en Breta\u00f1a, cerca de Dinan, para seguir las huellas de los \u00abEsposos caritativos\u00bb Claude Toussaint Marot (1675-1755) y Marguerite Picquet de la Motte (1681-1757), conde y condesa de La Garaye, y despu\u00e9s las de las primeras Hijas del [&hellip;]<\/p>\n","protected":false},"author":1,"featured_media":19229,"comment_status":"closed","ping_status":"closed","sticky":false,"template":"","format":"standard","meta":{"_acf_changed":false,"_et_pb_use_builder":"on","_et_pb_old_content":"<h4 style=\"text-align: justify;\"><strong>El 26 de abril, un grupo de Asociados de las Hijas del Esp\u00edritu Santo viaj\u00f3 a Taden, en Breta\u00f1a, cerca de Dinan, para seguir las huellas de los \u00abEsposos caritativos\u00bb Claude Toussaint Marot (1675-1755) y Marguerite Picquet de la Motte (1681-1757), conde y condesa de La Garaye, y despu\u00e9s las de las primeras Hijas del Esp\u00edritu Santo<\/strong><\/h4><h5 style=\"text-align: justify;\"><strong><br \/><\/strong>Procedentes de la Orne, la Manche y 3 departamentos bretones, nos reunimos en el castillo de la Garaye, en Taden, en el mismo lugar donde Claude y Marguerite vivieron la mayor parte de su vida.<br \/>Al comenzar las celebraciones f\u00fanebres del papa Francisco en Roma, entramos en comuni\u00f3n con la Iglesia universal y confiamos nuestra peregrinaci\u00f3n al Esp\u00edritu Santo: \u00abEsp\u00edritu de Dios, vis\u00edtanos, Ternura del Padre y del Hijo...\u00bb. Este canto nos acompa\u00f1ar\u00e1 durante toda la jornada.<\/h5><h5 style=\"text-align: justify;\">Frente a las ruinas del castillo, la ma\u00f1ana se dedica a recordar la vida ejemplar de esta pareja que, hacia 1710, decidi\u00f3 renunciar a su vida de lujo para entregarse enteramente a Dios al servicio de los pobres. <br \/>Tras un picnic compartido en una gran sala de la casa rural La Garaye, partimos para seguir las huellas de las primeras Hijas del Esp\u00edritu Santo que vinieron de Pl\u00e9rin a Taden en 1729, en la casa del \u00abPetit Bon Espoir\u00bb donada por el Conde y la Condesa. Tuvimos la oportunidad de visitar el lugar donde las hermanas del \u00abPetit Bon Espoir\u00bb viv\u00edan y trabajaban con escolares, pobres y enfermos en su propia casa. Conocimos a la propietaria, gracias a la cual se han conservado los edificios de lo que fue una casa de retiro espiritual.<br \/><br \/>Para concluir esta emotiva jornada, rezamos y cantamos al Esp\u00edritu Santo en la iglesia de Taden, donde el matrimonio sol\u00eda participar en los oficios dominicales con sus feligreses. <br \/>Despu\u00e9s nos tomamos un tiempo para compartir entre nosotros, haci\u00e9ndonos las siguientes preguntas: <em>\"\u00bfQu\u00e9 luz y qu\u00e9 llamadas he recibido hoy durante esta Peregrinaci\u00f3n a las Fuentes? \u00bfCon qu\u00e9 me ir\u00e9?\u00a0\u00bb<\/em> Muchos de nosotros pudimos expresar nuestro agradecimiento por este d\u00eda.<\/h5><p style=\"text-align: justify;\"><strong>Es justo decir que, al final del d\u00eda, no \u00e9ramos las mismas personas que cuando llegamos aquella ma\u00f1ana. La emoci\u00f3n que vivimos juntos, en el mismo lugar donde vivi\u00f3 esta pareja, nos hizo percibir la obra del Esp\u00edritu que obr\u00f3 en el coraz\u00f3n de Claude y Marguerite, a trav\u00e9s de su vida entregada, el \u00fanico camino que les parec\u00eda posible: el del servicio a los dem\u00e1s y el de compartir su<\/strong> fe. <br \/>Su l\u00e1pida, a la salida de la iglesia, sigue siendo un recuerdo conmovedor de su presencia aqu\u00ed. <br \/><br \/>Un agradecimiento especial a las personas que nos acogieron en La Garaye y Le Petit Bon-Espoir y nos abrieron las puertas de la iglesia de Taden. <br \/><br \/><span class=\"reference\"><strong><em>Bernard Schoenhenz<\/em><\/strong><em>, con el Servicio de Archivos del HES. Publicado el 2 de julio de 2025.<\/em><\/span><\/p><p>\u00a0<\/p>","_et_gb_content_width":"","footnotes":""},"categories":[44],"tags":[],"class_list":["post-19251","post","type-post","status-publish","format-standard","has-post-thumbnail","hentry","category-familia-espiritual"],"acf":[],"_links":{"self":[{"href":"https:\/\/www.fillesstesprit.org\/es\/wp-json\/wp\/v2\/posts\/19251","targetHints":{"allow":["GET"]}}],"collection":[{"href":"https:\/\/www.fillesstesprit.org\/es\/wp-json\/wp\/v2\/posts"}],"about":[{"href":"https:\/\/www.fillesstesprit.org\/es\/wp-json\/wp\/v2\/types\/post"}],"author":[{"embeddable":true,"href":"https:\/\/www.fillesstesprit.org\/es\/wp-json\/wp\/v2\/users\/1"}],"replies":[{"embeddable":true,"href":"https:\/\/www.fillesstesprit.org\/es\/wp-json\/wp\/v2\/comments?post=19251"}],"version-history":[{"count":6,"href":"https:\/\/www.fillesstesprit.org\/es\/wp-json\/wp\/v2\/posts\/19251\/revisions"}],"predecessor-version":[{"id":19271,"href":"https:\/\/www.fillesstesprit.org\/es\/wp-json\/wp\/v2\/posts\/19251\/revisions\/19271"}],"wp:featuredmedia":[{"embeddable":true,"href":"https:\/\/www.fillesstesprit.org\/es\/wp-json\/wp\/v2\/media\/19229"}],"wp:attachment":[{"href":"https:\/\/www.fillesstesprit.org\/es\/wp-json\/wp\/v2\/media?parent=19251"}],"wp:term":[{"taxonomy":"category","embeddable":true,"href":"https:\/\/www.fillesstesprit.org\/es\/wp-json\/wp\/v2\/categories?post=19251"},{"taxonomy":"post_tag","embeddable":true,"href":"https:\/\/www.fillesstesprit.org\/es\/wp-json\/wp\/v2\/tags?post=19251"}],"curies":[{"name":"wp","href":"https:\/\/api.w.org\/{rel}","templated":true}]}}