{"id":19335,"date":"2025-07-06T22:09:22","date_gmt":"2025-07-06T20:09:22","guid":{"rendered":"https:\/\/www.fillesstesprit.org\/?p=19335"},"modified":"2025-07-07T12:10:23","modified_gmt":"2025-07-07T10:10:23","slug":"nigeria-ceremonia-de-traspaso","status":"publish","type":"post","link":"https:\/\/www.fillesstesprit.org\/es\/nigeria-ceremonia-de-traspaso\/","title":{"rendered":"Nigeria. Ceremonia de traspaso"},"content":{"rendered":"<p>[et_pb_section fb_built=\u00bb1&#8243; _builder_version=\u00bb4.16&#8243; global_colors_info=\u00bb{}\u00bb][et_pb_row _builder_version=\u00bb4.16&#8243; background_size=\u00bbinitial\u00bb background_position=\u00bbtop_left\u00bb background_repeat=\u00bbrepeat\u00bb global_colors_info=\u00bb{}\u00bb][et_pb_column type=\u00bb4_4&#8243; _builder_version=\u00bb4.16&#8243; custom_padding=\u00bb|||\u00bb global_colors_info=\u00bb{}\u00bb custom_padding__hover=\u00bb|||\u00bb][et_pb_text _builder_version=\u00bb4.27.4&#8243; background_size=\u00bbinitial\u00bb background_position=\u00bbtop_left\u00bb background_repeat=\u00bbrepeat\u00bb hover_enabled=\u00bb0&#8243; global_colors_info=\u00bb{}\u00bb sticky_enabled=\u00bb0&#8243;]<\/p>\n<p style=\"text-align: justify;\"><strong>El 27 de junio de 2025, las Hijas del Esp\u00edritu Santo de la Viceprovincia de Nigeria se reunieron en el Centro de Retiros Ren\u00e9e Burel de Ilesa para la ceremonia oficial de traspaso del antiguo equipo dirigente al nuevo equipo. Tras cuatro a\u00f1os de servicio en la Viceprovincia por parte de Hermana Anthonia AYENI, HES, y su equipo, ha surgido un nuevo equipo con Hermana Cynthia AZUGHARA, HES como Superiora Viceprovincial, con Hermana \u00a0Oluwatosin AMUSAN como Vicaria, Hna Felicia ADEMOLA, Hna Immaculata ONYONG y HNA Theresa ANTHONY como Consejeras.<\/strong><\/p>\n<p style=\"text-align: justify;\">Todas las Hijas del Esp\u00edritu Santo de la Viceprovincia de Nigeria, procedentes de diferentes comunidades, di\u00f3cesis y regiones, se reunieron para presenciar este notable acontecimiento. La ceremonia, que comenz\u00f3 el viernes 27 de junio, cre\u00f3 una atm\u00f3sfera serena para una profunda reflexi\u00f3n sobre las experiencias pasadas, el presente y la posible visi\u00f3n que abrazar\u00e1n las nuevas l\u00edderes.<\/p>\n<p style=\"text-align: justify;\">La noche de la llegada, hubo ejercicios espirituales como oraciones, cantos y reflexiones personales. El obispo John Oyejola, de la di\u00f3cesis de Osogbo, dirigi\u00f3 un servicio penitencial. Con ocasi\u00f3n de la solemnidad del Sagrado Coraz\u00f3n de Jes\u00fas, el obispo Oyejola destac\u00f3 el amor, la misericordia y la compasi\u00f3n que llevaron a Jes\u00fas a servir a la humanidad y a morir por ella. Se\u00f1al\u00f3 que la solemnidad del Sagrado Coraz\u00f3n de Jes\u00fas ha abierto a la humanidad la oportunidad de amar, acoger y perdonar a nuestros hermanos y hermanas.<br \/>El segundo d\u00eda, el Padre No\u00ebl, sacerdote redentorista, anim\u00f3 a todas las Hijas del Esp\u00edritu Santo a imbuirse del h\u00e1bito de la escucha, que significa estar presentes unas a otras en todo momento y escuchar al Esp\u00edritu a trav\u00e9s de la mediaci\u00f3n de los dem\u00e1s. Anim\u00f3 a las nuevas responsables y a cada hermana a adoptar y hacer de la Regla de Vida un instrumento que las acompa\u00f1e en el cumplimiento de los tres consejos evang\u00e9licos. Al final de la sesi\u00f3n, hubo tiempo para la reflexi\u00f3n personal.<\/p>\n<p style=\"text-align: justify;\">La Santa Misa fue celebrada el s\u00e1bado a mediod\u00eda por el obispo John Oyejola, concelebrado por otros dos sacerdotes. En su homil\u00eda, el obispo subray\u00f3 las cualidades excepcionales de la Virgen Mar\u00eda, que las hermanas deben seguir abrazando. Tambi\u00e9n destac\u00f3 las buenas obras de las FSE en las di\u00f3cesis donde est\u00e1n presentes. Anim\u00f3 a todas las hermanas a mantener sus buenas actitudes de testimonio en todas sus actividades pastorales de evangelizaci\u00f3n y otras. Por \u00faltimo, record\u00f3 a las hermanas titulares que guarden celosamente en todo momento su don de unidad, celo apost\u00f3lico, disponibilidad y alegr\u00eda.<br \/>Tras la homil\u00eda, tuvo lugar el acto de relevo, durante el cual el anterior equipo directivo dio paso al nuevo. Los nuevos responsables portaban una vela encendida, s\u00edmbolo de Cristo como Luz del mundo. Se les record\u00f3 que deben mantener encendido el fuego del amor al servicio de sus hermanas, de la Iglesia, de los pobres, de los ni\u00f1os, de las mujeres y de todos aquellos con los que entren en contacto. Se les dedic\u00f3 una oraci\u00f3n especial de intercesi\u00f3n.<\/p>\n<p style=\"text-align: justify;\">La Hermana Anthonia AYENI se dirigi\u00f3 a toda la Congregaci\u00f3n y present\u00f3 su testimonio y nota de transmisi\u00f3n a la nueva Superiora Viceprovincial. Expres\u00f3 su gratitud a Dios por su apoyo a lo largo de su per\u00edodo de liderazgo. Tambi\u00e9n dio las gracias a la Hermana Ann ALMODOVAR, Superiora General, y a su Consejo, por su generosidad y el gran apoyo que su equipo y toda la Viceprovincia de Nigeria han recibido.\u00a0 Tambi\u00e9n present\u00f3 algunos de los logros, retos y proyectos realizados durante su mandato. Al final de su discurso, pidi\u00f3 fuerza y gracia para el nuevo equipo dirigido por la Hermana Cynthia AZUGHARA.<\/p>\n<p><strong>Este acontecimiento reaviv\u00f3 el esp\u00edritu de alegr\u00eda, armon\u00eda y esperanza entre todos nosotros.<\/strong><\/p>\n<p><span class=\"reference\"><strong><em>Por Hermana Patience EFFIONG, HES<\/em><\/strong><em>. Publicado el 6 de julio de 2025<\/em><\/span><\/p>\n<p>[\/et_pb_text][et_pb_gallery gallery_ids=\u00bb19311,19314,19317,19320,19323,19326,19329&#8243; posts_number=\u00bb20&#8243; show_title_and_caption=\u00bboff\u00bb show_pagination=\u00bboff\u00bb _builder_version=\u00bb4.27.4&#8243; _module_preset=\u00bbdefault\u00bb global_colors_info=\u00bb{}\u00bb][\/et_pb_gallery][\/et_pb_column][\/et_pb_row][\/et_pb_section]<\/p>\n","protected":false},"excerpt":{"rendered":"<p>El 27 de junio de 2025, las Hijas del Esp\u00edritu Santo de la Viceprovincia de Nigeria se reunieron en el Centro de Retiros Ren\u00e9e Burel de Ilesa para la ceremonia oficial de traspaso del antiguo equipo dirigente al nuevo equipo. Tras cuatro a\u00f1os de servicio en la Viceprovincia por parte de Hermana Anthonia AYENI, HES, [&hellip;]<\/p>\n","protected":false},"author":1,"featured_media":19306,"comment_status":"closed","ping_status":"closed","sticky":false,"template":"","format":"standard","meta":{"_acf_changed":false,"_et_pb_use_builder":"on","_et_pb_old_content":"<p><strong>El 27 de junio de 2025, las Hijas del Esp\u00edritu Santo de la Viceprovincia de Nigeria se reunieron en el Centro de Retiros Ren\u00e9e Burel de Ilesa para la ceremonia oficial de traspaso del antiguo equipo dirigente al nuevo equipo. Tras cuatro a\u00f1os de servicio en la Viceprovincia por parte de Hermana Anthonia AYENI, HES, y su equipo, ha surgido un nuevo equipo con Hermana Cynthia AZUGHARA, HES como Superiora Viceprovincial, con Hermana \u00a0Oluwatosin AMUSAN como Vicaria, Hna Felicia ADEMOLA, Hna Immaculata ONYONG y HNA Theresa ANTHONY como Consejeras.<\/strong><\/p><p>Todas las Hijas del Esp\u00edritu Santo de la Viceprovincia de Nigeria, procedentes de diferentes comunidades, di\u00f3cesis y regiones, se reunieron para presenciar este notable acontecimiento. La ceremonia, que comenz\u00f3 el viernes 27 de junio, cre\u00f3 una atm\u00f3sfera serena para una profunda reflexi\u00f3n sobre las experiencias pasadas, el presente y la posible visi\u00f3n que abrazar\u00e1n las nuevas l\u00edderes.<\/p><p>La noche de la llegada, hubo ejercicios espirituales como oraciones, cantos y reflexiones personales. El obispo John Oyejola, de la di\u00f3cesis de Osogbo, dirigi\u00f3 un servicio penitencial. Con ocasi\u00f3n de la solemnidad del Sagrado Coraz\u00f3n de Jes\u00fas, el obispo Oyejola destac\u00f3 el amor, la misericordia y la compasi\u00f3n que llevaron a Jes\u00fas a servir a la humanidad y a morir por ella. Se\u00f1al\u00f3 que la solemnidad del Sagrado Coraz\u00f3n de Jes\u00fas ha abierto a la humanidad la oportunidad de amar, acoger y perdonar a nuestros hermanos y hermanas. <br \/>El segundo d\u00eda, el Padre No\u00ebl, sacerdote redentorista, anim\u00f3 a todas las Hijas del Esp\u00edritu Santo a imbuirse del h\u00e1bito de la escucha, que significa estar presentes unas a otras en todo momento y escuchar al Esp\u00edritu a trav\u00e9s de la mediaci\u00f3n de los dem\u00e1s. Anim\u00f3 a las nuevas responsables y a cada hermana a adoptar y hacer de la Regla de Vida un instrumento que las acompa\u00f1e en el cumplimiento de los tres consejos evang\u00e9licos. Al final de la sesi\u00f3n, hubo tiempo para la reflexi\u00f3n personal.<\/p><p>La Santa Misa fue celebrada el s\u00e1bado a mediod\u00eda por el obispo John Oyejola, concelebrado por otros dos sacerdotes. En su homil\u00eda, el obispo subray\u00f3 las cualidades excepcionales de la Virgen Mar\u00eda, que las hermanas deben seguir abrazando. Tambi\u00e9n destac\u00f3 las buenas obras de las FSE en las di\u00f3cesis donde est\u00e1n presentes. Anim\u00f3 a todas las hermanas a mantener sus buenas actitudes de testimonio en todas sus actividades pastorales de evangelizaci\u00f3n y otras. Por \u00faltimo, record\u00f3 a las hermanas titulares que guarden celosamente en todo momento su don de unidad, celo apost\u00f3lico, disponibilidad y alegr\u00eda.<br \/>Tras la homil\u00eda, tuvo lugar el acto de relevo, durante el cual el anterior equipo directivo dio paso al nuevo. Los nuevos responsables portaban una vela encendida, s\u00edmbolo de Cristo como Luz del mundo. Se les record\u00f3 que deben mantener encendido el fuego del amor al servicio de sus hermanas, de la Iglesia, de los pobres, de los ni\u00f1os, de las mujeres y de todos aquellos con los que entren en contacto. Se les dedic\u00f3 una oraci\u00f3n especial de intercesi\u00f3n.<\/p><p>La Hermana Anthonia AYENI se dirigi\u00f3 a toda la Congregaci\u00f3n y present\u00f3 su testimonio y nota de transmisi\u00f3n a la nueva Superiora Viceprovincial. Expres\u00f3 su gratitud a Dios por su apoyo a lo largo de su per\u00edodo de liderazgo. Tambi\u00e9n dio las gracias a la Hermana Ann ALMODOVAR, Superiora General, y a su Consejo, por su generosidad y el gran apoyo que su equipo y toda la Viceprovincia de Nigeria han recibido.\u00a0 Tambi\u00e9n present\u00f3 algunos de los logros, retos y proyectos realizados durante su mandato. Al final de su discurso, pidi\u00f3 fuerza y gracia para el nuevo equipo dirigido por la Hermana Cynthia AZUGHARA.<br \/><br \/><strong>Este acontecimiento reaviv\u00f3 el esp\u00edritu de alegr\u00eda, armon\u00eda y esperanza entre todos nosotros.<\/strong><br \/><br \/><span class=\"reference\"><strong><em>Por Hermana Patience EFFIONG, HES<\/em><\/strong><em>. Publicado el 6 de julio de 2025<\/em><\/span><\/p>","_et_gb_content_width":"","footnotes":""},"categories":[44],"tags":[],"class_list":["post-19335","post","type-post","status-publish","format-standard","has-post-thumbnail","hentry","category-familia-espiritual"],"acf":[],"_links":{"self":[{"href":"https:\/\/www.fillesstesprit.org\/es\/wp-json\/wp\/v2\/posts\/19335","targetHints":{"allow":["GET"]}}],"collection":[{"href":"https:\/\/www.fillesstesprit.org\/es\/wp-json\/wp\/v2\/posts"}],"about":[{"href":"https:\/\/www.fillesstesprit.org\/es\/wp-json\/wp\/v2\/types\/post"}],"author":[{"embeddable":true,"href":"https:\/\/www.fillesstesprit.org\/es\/wp-json\/wp\/v2\/users\/1"}],"replies":[{"embeddable":true,"href":"https:\/\/www.fillesstesprit.org\/es\/wp-json\/wp\/v2\/comments?post=19335"}],"version-history":[{"count":4,"href":"https:\/\/www.fillesstesprit.org\/es\/wp-json\/wp\/v2\/posts\/19335\/revisions"}],"predecessor-version":[{"id":19341,"href":"https:\/\/www.fillesstesprit.org\/es\/wp-json\/wp\/v2\/posts\/19335\/revisions\/19341"}],"wp:featuredmedia":[{"embeddable":true,"href":"https:\/\/www.fillesstesprit.org\/es\/wp-json\/wp\/v2\/media\/19306"}],"wp:attachment":[{"href":"https:\/\/www.fillesstesprit.org\/es\/wp-json\/wp\/v2\/media?parent=19335"}],"wp:term":[{"taxonomy":"category","embeddable":true,"href":"https:\/\/www.fillesstesprit.org\/es\/wp-json\/wp\/v2\/categories?post=19335"},{"taxonomy":"post_tag","embeddable":true,"href":"https:\/\/www.fillesstesprit.org\/es\/wp-json\/wp\/v2\/tags?post=19335"}],"curies":[{"name":"wp","href":"https:\/\/api.w.org\/{rel}","templated":true}]}}