{"id":19366,"date":"2025-07-08T15:38:29","date_gmt":"2025-07-08T13:38:29","guid":{"rendered":"https:\/\/www.fillesstesprit.org\/?p=19366"},"modified":"2025-07-08T17:36:00","modified_gmt":"2025-07-08T15:36:00","slug":"un-tiempo-para-detenerse-maravillarse","status":"publish","type":"post","link":"https:\/\/www.fillesstesprit.org\/es\/un-tiempo-para-detenerse-maravillarse\/","title":{"rendered":"Un tiempo para detenerse, maravillarse"},"content":{"rendered":"<p>[et_pb_section fb_built=\u00bb1&#8243; _builder_version=\u00bb4.16&#8243; global_colors_info=\u00bb{}\u00bb][et_pb_row _builder_version=\u00bb4.16&#8243; background_size=\u00bbinitial\u00bb background_position=\u00bbtop_left\u00bb background_repeat=\u00bbrepeat\u00bb global_colors_info=\u00bb{}\u00bb][et_pb_column type=\u00bb4_4&#8243; _builder_version=\u00bb4.16&#8243; custom_padding=\u00bb|||\u00bb global_colors_info=\u00bb{}\u00bb custom_padding__hover=\u00bb|||\u00bb][et_pb_text _builder_version=\u00bb4.16&#8243; background_size=\u00bbinitial\u00bb background_position=\u00bbtop_left\u00bb background_repeat=\u00bbrepeat\u00bb global_colors_info=\u00bb{}\u00bb]<\/p>\n<p style=\"text-align: justify;\"><em>\u00abEn un mundo ruidoso, marcado por la carrera hacia el reloj, a menudo es dif\u00edcil tomarse tiempo para estar juntos gratuitamente, y sin embargo lo necesitamos tanto&#8230; Es aqu\u00ed donde vemos lo bien que Dios nos conoce y nos muestra un camino hacia la felicidad profunda: \u00e9sta pasa necesariamente por el recogimiento, el silencio, la contemplaci\u00f3n y la atenci\u00f3n a la presencia de los dem\u00e1s y de Dios\u00bb <span class=\"reference\">Hermana Silvie ROAMBA<\/span><\/em><\/p>\n<p><strong>En la Viceprovincia de Burkina Faso, acabamos de celebrar nuestra asamblea de fin de a\u00f1o en la comunidad de Koudougou, del viernes 27 al domingo 29 de junio de 2025, a la que asistieron todas las dem\u00e1s comunidades de Phariyago, Di\u00e9bougou-Foyer Marie BALAVENNE, Di\u00e9bougou-Bagane y Ouagadougou. Hacia las 13.00 horas del 27 de junio, toda la Viceprovincia estaba presente.<br \/>\n<\/strong><strong>Al son de los tom-toms, como para reunirnos en torno a Cristo, la reuni\u00f3n comenz\u00f3 con un tiempo de adoraci\u00f3n.<\/strong><\/p>\n<p style=\"text-align: justify;\">Luego se alegr\u00f3 de vernos almorzar con buen apetito, expresando la alegr\u00eda de un reencuentro vivido en la escucha, el compartir y la fraternidad. <strong>Aprovechamos este momento para detenernos y maravillarnos ante la acci\u00f3n del Esp\u00edritu Santo en nuestras vidas, en la Congregaci\u00f3n y en nuestro mundo. <em>\u00ab\u00a1<\/em><\/strong><em>No hay camino bloqueado para siempre!<\/em>\u00a0\u00bb Con esta perspectiva, compartimos los resultados de nuestras actividades a la luz de la Orientaci\u00f3n Viceprovincial. En la encrucijada, expresamos nuestros puntos de vista sobre la econom\u00eda y sobre una serie de puntos relacionados con nuestra vida en com\u00fan.<br \/>\nAprovechamos este encuentro para expresar nuestro agradecimiento a la hermana FATOUMATA DA Delphine por su servicio como ec\u00f3noma de la Viceprovincia desde 2016: ha sido un gran est\u00edmulo para la hermana Am\u00e9lie ZOUGMORE, que la sucede en este servicio.<\/p>\n<p style=\"text-align: justify;\">La noche del s\u00e1bado 28 de junio, despu\u00e9s de la misa temprana del domingo, disfrutamos de una buena y relajada comida a base de bu\u00f1uelos con verduras salteadas, com\u00fanmente conocidos como gnougou: \u00abCuando se vive con sencillez y naturalidad, se tienen menos achaques\u00bb, \u00a1como dice el refr\u00e1n!<\/p>\n<p style=\"text-align: justify;\"><em>Fraternizamos bien y dimos gracias a Dios. Antes de terminar la asamblea, las hermanas que cambiaban de comunidad recibieron su carta de obediencia del Viceprovincial. A continuaci\u00f3n, recibimos informaci\u00f3n de la Viceprovincia y de la Congregaci\u00f3n. Terminamos con una comida fraterna y cada hermana regres\u00f3 a su comunidad.<br \/>\nLos pr\u00f3ximos meses ser\u00e1n tiempo de visitas familiares, retiros y sesiones de formaci\u00f3n.<br \/>\n<\/em><em><br \/>\n<span class=\"reference\"><strong>Hermana Edith Kiswendsida YAMEOGO<\/strong>. Publicado el 8 de julio de 2025<\/span><\/em><\/p>\n<p><em>\u00a0<\/em><\/p>\n<p>&nbsp;<br \/>\n[\/et_pb_text][et_pb_gallery gallery_ids=\u00bb19351,19354&#8243; posts_number=\u00bb20&#8243; show_title_and_caption=\u00bboff\u00bb show_pagination=\u00bboff\u00bb _builder_version=\u00bb4.27.4&#8243; _module_preset=\u00bbdefault\u00bb global_colors_info=\u00bb{}\u00bb][\/et_pb_gallery][\/et_pb_column][\/et_pb_row][\/et_pb_section]<\/p>\n","protected":false},"excerpt":{"rendered":"<p>\u00abEn un mundo ruidoso, marcado por la carrera hacia el reloj, a menudo es dif\u00edcil tomarse tiempo para estar juntos gratuitamente, y sin embargo lo necesitamos tanto&#8230; Es aqu\u00ed donde vemos lo bien que Dios nos conoce y nos muestra un camino hacia la felicidad profunda: \u00e9sta pasa necesariamente por el recogimiento, el silencio, la [&hellip;]<\/p>\n","protected":false},"author":1,"featured_media":19346,"comment_status":"closed","ping_status":"closed","sticky":false,"template":"","format":"standard","meta":{"_acf_changed":false,"_et_pb_use_builder":"on","_et_pb_old_content":"<p style=\"text-align: justify;\"><em>\"En un mundo ruidoso, marcado por la carrera hacia el reloj, a menudo es dif\u00edcil tomarse tiempo para estar juntos gratuitamente, y sin embargo lo necesitamos tanto... Es aqu\u00ed donde vemos lo bien que Dios nos conoce y nos muestra un camino hacia la felicidad profunda: \u00e9sta pasa necesariamente por el recogimiento, el silencio, la contemplaci\u00f3n y la atenci\u00f3n a la presencia de los dem\u00e1s y de Dios\" <span class=\"reference\">Hermana Silvie ROAMBA<\/span><\/em><br \/><br \/><strong>En la Viceprovincia de Burkina Faso, acabamos de celebrar nuestra asamblea de fin de a\u00f1o en la comunidad de Koudougou, del viernes 27 al domingo 29 de junio de 2025, a la que asistieron todas las dem\u00e1s comunidades de Phariyago, Di\u00e9bougou-Foyer Marie BALAVENNE, Di\u00e9bougou-Bagane y Ouagadougou. Hacia las 13.00 horas del 27 de junio, toda la Viceprovincia estaba presente. <br \/><\/strong><strong>Al son de los tom-toms, como para reunirnos en torno a Cristo, la reuni\u00f3n comenz\u00f3 con un tiempo de adoraci\u00f3n.<\/strong><\/p><p style=\"text-align: justify;\">Luego se alegr\u00f3 de vernos almorzar con buen apetito, expresando la alegr\u00eda de un reencuentro vivido en la escucha, el compartir y la fraternidad. <strong>Aprovechamos este momento para detenernos y maravillarnos ante la acci\u00f3n del Esp\u00edritu Santo en nuestras vidas, en la Congregaci\u00f3n y en nuestro mundo. <em>\"\u00a1<\/em><\/strong><em>No hay camino bloqueado para siempre!<\/em>\u00a0\u00bb Con esta perspectiva, compartimos los resultados de nuestras actividades a la luz de la Orientaci\u00f3n Viceprovincial. En la encrucijada, expresamos nuestros puntos de vista sobre la econom\u00eda y sobre una serie de puntos relacionados con nuestra vida en com\u00fan. <br \/>Aprovechamos este encuentro para expresar nuestro agradecimiento a la hermana FATOUMATA DA Delphine por su servicio como ec\u00f3noma de la Viceprovincia desde 2016: ha sido un gran est\u00edmulo para la hermana Am\u00e9lie ZOUGMORE, que la sucede en este servicio.<\/p><p style=\"text-align: justify;\">La noche del s\u00e1bado 28 de junio, despu\u00e9s de la misa temprana del domingo, disfrutamos de una buena y relajada comida a base de bu\u00f1uelos con verduras salteadas, com\u00fanmente conocidos como gnougou: \u00abCuando se vive con sencillez y naturalidad, se tienen menos achaques\u00bb, \u00a1como dice el refr\u00e1n!<\/p><p style=\"text-align: justify;\"><em>Fraternizamos bien y dimos gracias a Dios. Antes de terminar la asamblea, las hermanas que cambiaban de comunidad recibieron su carta de obediencia del Viceprovincial. A continuaci\u00f3n, recibimos informaci\u00f3n de la Viceprovincia y de la Congregaci\u00f3n. Terminamos con una comida fraterna y cada hermana regres\u00f3 a su comunidad. <br \/>Los pr\u00f3ximos meses ser\u00e1n tiempo de visitas familiares, retiros y sesiones de formaci\u00f3n.<br \/><\/em><em><br \/><span class=\"reference\"><strong>Hermana Edith Kiswendsida YAMEOGO<\/strong>. Publicado el 8 de julio de 2025<\/span><\/em><\/p><p><em>\u00a0<\/em><\/p><p>\u00a0<\/p>","_et_gb_content_width":"","footnotes":""},"categories":[44],"tags":[],"class_list":["post-19366","post","type-post","status-publish","format-standard","has-post-thumbnail","hentry","category-familia-espiritual"],"acf":[],"_links":{"self":[{"href":"https:\/\/www.fillesstesprit.org\/es\/wp-json\/wp\/v2\/posts\/19366","targetHints":{"allow":["GET"]}}],"collection":[{"href":"https:\/\/www.fillesstesprit.org\/es\/wp-json\/wp\/v2\/posts"}],"about":[{"href":"https:\/\/www.fillesstesprit.org\/es\/wp-json\/wp\/v2\/types\/post"}],"author":[{"embeddable":true,"href":"https:\/\/www.fillesstesprit.org\/es\/wp-json\/wp\/v2\/users\/1"}],"replies":[{"embeddable":true,"href":"https:\/\/www.fillesstesprit.org\/es\/wp-json\/wp\/v2\/comments?post=19366"}],"version-history":[{"count":3,"href":"https:\/\/www.fillesstesprit.org\/es\/wp-json\/wp\/v2\/posts\/19366\/revisions"}],"predecessor-version":[{"id":19388,"href":"https:\/\/www.fillesstesprit.org\/es\/wp-json\/wp\/v2\/posts\/19366\/revisions\/19388"}],"wp:featuredmedia":[{"embeddable":true,"href":"https:\/\/www.fillesstesprit.org\/es\/wp-json\/wp\/v2\/media\/19346"}],"wp:attachment":[{"href":"https:\/\/www.fillesstesprit.org\/es\/wp-json\/wp\/v2\/media?parent=19366"}],"wp:term":[{"taxonomy":"category","embeddable":true,"href":"https:\/\/www.fillesstesprit.org\/es\/wp-json\/wp\/v2\/categories?post=19366"},{"taxonomy":"post_tag","embeddable":true,"href":"https:\/\/www.fillesstesprit.org\/es\/wp-json\/wp\/v2\/tags?post=19366"}],"curies":[{"name":"wp","href":"https:\/\/api.w.org\/{rel}","templated":true}]}}