{"id":19877,"date":"2025-08-29T23:10:32","date_gmt":"2025-08-29T21:10:32","guid":{"rendered":"https:\/\/www.fillesstesprit.org\/?p=19877"},"modified":"2025-08-30T09:43:14","modified_gmt":"2025-08-30T07:43:14","slug":"cuando-las-ramas-se-reunen","status":"publish","type":"post","link":"https:\/\/www.fillesstesprit.org\/es\/cuando-las-ramas-se-reunen\/","title":{"rendered":"Cuando las \u00abRamas\u00bb se re\u00fanen"},"content":{"rendered":"<p>[et_pb_section fb_built=\u00bb1&#8243; _builder_version=\u00bb4.16&#8243; global_colors_info=\u00bb{}\u00bb][et_pb_row _builder_version=\u00bb4.16&#8243; background_size=\u00bbinitial\u00bb background_position=\u00bbtop_left\u00bb background_repeat=\u00bbrepeat\u00bb global_colors_info=\u00bb{}\u00bb][et_pb_column type=\u00bb4_4&#8243; _builder_version=\u00bb4.16&#8243; custom_padding=\u00bb|||\u00bb global_colors_info=\u00bb{}\u00bb custom_padding__hover=\u00bb|||\u00bb][et_pb_text admin_label=\u00bbTexte\u00bb _builder_version=\u00bb4.27.4&#8243; background_size=\u00bbinitial\u00bb background_position=\u00bbtop_left\u00bb background_repeat=\u00bbrepeat\u00bb global_colors_info=\u00bb{}\u00bb]<\/p>\n<h4 style=\"text-align: justify;\"><strong>A finales de agosto de 2025, nos reunimos &#8211; Christiane RANNOU<\/strong>, <strong><em>moderadora general,<\/em><\/strong> <strong>Phillys VIENS<\/strong>, <strong><em>moderadora regional de Am\u00e9rica,<\/em><\/strong> <strong>y yo, Giovanna<\/strong>, <strong>moderadora regional de Europa -,<\/strong> <strong>en el consejo internacional de la Rama Secular HES, en Estados Unidos, en Putnam, Connecticut.<\/strong><\/h4>\n<p style=\"text-align: justify;\">Nuestras jornadas de trabajo son intensas y ricas en experiencias para todas, pero sentimos la necesidad de un descanso&#8230;\u00a0 Precisamente esta tarde estamos invitadas a un encuentro de la Familia Espiritual en el Centro de las Hijas del Esp\u00edritu Santo, en Putnam. All\u00ed nos reunimos con miembros de las tres Ramas (Hermanas, Rama Secular, Asociados), as\u00ed como con Ann ALMODOVAR, superiora general de la Congregaci\u00f3n.<br \/>La alegr\u00eda se refleja en todos los rostros, los abrazos son c\u00e1lidos y cada una se esfuerza por decir algunas palabras en franc\u00e9s o en ingl\u00e9s para dar la bienvenida a las dem\u00e1s con fraternidad.<br \/>Las responsables de las ramas de la HES nos dan informaci\u00f3n sobre sus respectivas ramas y luego nos ofrecen una merienda.<br \/>La sala vuelve a animarse con la euforia inicial. Reanudamos nuestras conversaciones en un ingl\u00e9s\/franc\u00e9s no siempre acad\u00e9mico, pero&#8230; \u00a1nos entendemos! Cuando las Ramas se re\u00fanen, se alegran de formar una Familia y de compartir un poco de lo que la constituye.<\/p>\n<p style=\"text-align: justify;\"><strong>Al final de la tarde, cada una se marcha con un ramo de las tres \u00abRamas\u00bb HES en su coraz\u00f3n y en sus oraciones.<\/strong><\/p>\n<p><span class=\"reference\"><strong><em>Giovanna COMMISSIONE<\/em><\/strong><em>, publicado el 29 de agosto de 2025<\/em><\/span><\/p>\n<p>[\/et_pb_text][et_pb_gallery gallery_ids=\u00bb19866,19869,19872&#8243; posts_number=\u00bb20&#8243; show_title_and_caption=\u00bboff\u00bb show_pagination=\u00bboff\u00bb _builder_version=\u00bb4.27.4&#8243; _module_preset=\u00bbdefault\u00bb global_colors_info=\u00bb{}\u00bb][\/et_pb_gallery][\/et_pb_column][\/et_pb_row][\/et_pb_section]<\/p>\n","protected":false},"excerpt":{"rendered":"<p>A finales de agosto de 2025, nos reunimos &#8211; Christiane RANNOU, moderadora general, Phillys VIENS, moderadora regional de Am\u00e9rica, y yo, Giovanna, moderadora regional de Europa -, en el consejo internacional de la Rama Secular HES, en Estados Unidos, en Putnam, Connecticut. Nuestras jornadas de trabajo son intensas y ricas en experiencias para todas, pero [&hellip;]<\/p>\n","protected":false},"author":1,"featured_media":19861,"comment_status":"closed","ping_status":"closed","sticky":false,"template":"","format":"standard","meta":{"_acf_changed":false,"_et_pb_use_builder":"on","_et_pb_old_content":"<h4 style=\"text-align: justify;\"><strong>A finales de agosto de 2025, nos reunimos - Christiane RANNOU<\/strong>, <strong><em>moderadora general,<\/em><\/strong> <strong>Phillys VIENS<\/strong>, <strong><em>moderadora regional de Am\u00e9rica,<\/em><\/strong> <strong>y yo, Giovanna<\/strong>, <strong>moderadora regional de Europa -,<\/strong> <strong>en el consejo internacional de la Rama Secular HES, en Estados Unidos, en Putnam, Connecticut.<\/strong><\/h4><p style=\"text-align: justify;\">Nuestras jornadas de trabajo son intensas y ricas en experiencias para todas, pero sentimos la necesidad de un descanso...\u00a0 Precisamente esta tarde estamos invitadas a un encuentro de la Familia Espiritual en el Centro de las Hijas del Esp\u00edritu Santo, en Putnam. All\u00ed nos reunimos con miembros de las tres Ramas (Hermanas, Rama Secular, Asociados), as\u00ed como con Ann ALMODOVAR, superiora general de la Congregaci\u00f3n. <br \/>La alegr\u00eda se refleja en todos los rostros, los abrazos son c\u00e1lidos y cada una se esfuerza por decir algunas palabras en franc\u00e9s o en ingl\u00e9s para dar la bienvenida a las dem\u00e1s con fraternidad. <br \/>Las responsables de las ramas de la HES nos dan informaci\u00f3n sobre sus respectivas ramas y luego nos ofrecen una merienda. <br \/>La sala vuelve a animarse con la euforia inicial. Reanudamos nuestras conversaciones en un ingl\u00e9s\/franc\u00e9s no siempre acad\u00e9mico, pero... \u00a1nos entendemos! Cuando las Ramas se re\u00fanen, se alegran de formar una Familia y de compartir un poco de lo que la constituye.<\/p><p style=\"text-align: justify;\"><strong>Al final de la tarde, cada una se marcha con un ramo de las tres Ramas HES en su coraz\u00f3n y en sus oraciones.<\/strong><\/p><p><span class=\"reference\"><strong><em>Giovanna COMMISSIONE<\/em><\/strong><em>, publicado el 29 de agosto de 2025<\/em><\/span><\/p>","_et_gb_content_width":"","footnotes":""},"categories":[44],"tags":[],"class_list":["post-19877","post","type-post","status-publish","format-standard","has-post-thumbnail","hentry","category-familia-espiritual"],"acf":[],"_links":{"self":[{"href":"https:\/\/www.fillesstesprit.org\/es\/wp-json\/wp\/v2\/posts\/19877","targetHints":{"allow":["GET"]}}],"collection":[{"href":"https:\/\/www.fillesstesprit.org\/es\/wp-json\/wp\/v2\/posts"}],"about":[{"href":"https:\/\/www.fillesstesprit.org\/es\/wp-json\/wp\/v2\/types\/post"}],"author":[{"embeddable":true,"href":"https:\/\/www.fillesstesprit.org\/es\/wp-json\/wp\/v2\/users\/1"}],"replies":[{"embeddable":true,"href":"https:\/\/www.fillesstesprit.org\/es\/wp-json\/wp\/v2\/comments?post=19877"}],"version-history":[{"count":5,"href":"https:\/\/www.fillesstesprit.org\/es\/wp-json\/wp\/v2\/posts\/19877\/revisions"}],"predecessor-version":[{"id":19896,"href":"https:\/\/www.fillesstesprit.org\/es\/wp-json\/wp\/v2\/posts\/19877\/revisions\/19896"}],"wp:featuredmedia":[{"embeddable":true,"href":"https:\/\/www.fillesstesprit.org\/es\/wp-json\/wp\/v2\/media\/19861"}],"wp:attachment":[{"href":"https:\/\/www.fillesstesprit.org\/es\/wp-json\/wp\/v2\/media?parent=19877"}],"wp:term":[{"taxonomy":"category","embeddable":true,"href":"https:\/\/www.fillesstesprit.org\/es\/wp-json\/wp\/v2\/categories?post=19877"},{"taxonomy":"post_tag","embeddable":true,"href":"https:\/\/www.fillesstesprit.org\/es\/wp-json\/wp\/v2\/tags?post=19877"}],"curies":[{"name":"wp","href":"https:\/\/api.w.org\/{rel}","templated":true}]}}