{"id":21468,"date":"2025-10-21T11:38:00","date_gmt":"2025-10-21T09:38:00","guid":{"rendered":"https:\/\/www.fillesstesprit.org\/?p=21468"},"modified":"2025-10-21T21:14:12","modified_gmt":"2025-10-21T19:14:12","slug":"welcome-days-2025","status":"publish","type":"post","link":"https:\/\/www.fillesstesprit.org\/es\/welcome-days-2025\/","title":{"rendered":"\u00abWelcome Days 2025\u00bb"},"content":{"rendered":"<p>[et_pb_section fb_built=\u00bb1&#8243; _builder_version=\u00bb4.16&#8243; global_colors_info=\u00bb{}\u00bb][et_pb_row _builder_version=\u00bb4.16&#8243; background_size=\u00bbinitial\u00bb background_position=\u00bbtop_left\u00bb background_repeat=\u00bbrepeat\u00bb global_colors_info=\u00bb{}\u00bb][et_pb_column type=\u00bb4_4&#8243; _builder_version=\u00bb4.16&#8243; custom_padding=\u00bb|||\u00bb global_colors_info=\u00bb{}\u00bb custom_padding__hover=\u00bb|||\u00bb][et_pb_text _builder_version=\u00bb4.27.4&#8243; background_size=\u00bbinitial\u00bb background_position=\u00bbtop_left\u00bb background_repeat=\u00bbrepeat\u00bb hover_enabled=\u00bb0&#8243; global_colors_info=\u00bb{}\u00bb sticky_enabled=\u00bb0&#8243;]<\/p>\n<p style=\"text-align: justify;\"><strong>Llamada a venir de Camer\u00fan a Francia para el servicio al economato general, tuve la gracia de participar en la sesi\u00f3n \u00abWelcome Days 2025\u00bb, encuentro organizado cada a\u00f1o por la CORREF <\/strong><em><strong>(Conferencia de Religiosos y Religiosas de Francia)<\/strong><\/em><strong> para permitir a los misioneros extranjeros entrar en la din\u00e1mica de la pastoral de Francia.<\/strong><\/p>\n<p style=\"text-align: justify;\">Reunidos en Par\u00eds en la Maison St Vincent en L&#8217;Hay-Les-Roses, en las Filles de La Charit\u00e9, del 13 al 17 de octubre de 2025, \u00e9ramos veintiocho participantes de los cuales cinco religiosos y veintitr\u00e9s religiosas de once nacionalidades, venidos de trece Institutos de vida consagrada, presentes en doce di\u00f3cesis aqu\u00ed en Francia.<\/p>\n<p style=\"text-align: justify;\">Tuvimos la alegr\u00eda de ser acogidos por las hermanas Elke Steinacker y Catherine Sesboue de la CORREF as\u00ed como por las Hijas de la Caridad. Este primer d\u00eda estuvo reservado a la acogida, al intercambio fraterno entre nosotros y a los diversos descubrimientos &#8230; lo que ha permitido a muchos de nosotros contemplar y admirar el esplendor de la Catedral de Notre Dame de Par\u00eds, la Tour Eiffel y muchos otros monumentos hist\u00f3ricos. Antes de terminar el d\u00eda con una celebraci\u00f3n eucar\u00edstica, <strong>tuvimos la entrevista de monse\u00f1or Gr\u00e9goire Cador, obispo de Coutances, antiguo misionero en Camer\u00fan: muy conmovedor compartir su experiencia misionera en tierra camerunesa. <\/strong>\u00a0<strong>\u00a1Para m\u00ed fue a la vez un momento de descubrimiento, de redescubrimiento y de toma de conciencia de las discretas riquezas de mi pa\u00eds!<\/strong> Con las preguntas y los compartimientos fraternos, hemos comprendido la necesidad de conocer la realidad de nuestra tierra de misi\u00f3n para servir mejor. El Prelado nos ha invitado a <em>\u00absalir de nuestras mesas habituales de pensamiento\u00bb<\/em> y a aceptar dejarnos convertir.<\/p>\n<p style=\"text-align: justify;\">Durante los otros cuatro d\u00edas, a trav\u00e9s de las ense\u00f1anzas, las celebraciones eucar\u00edsticas, los trabajos en grupo, escuchamos, reflexionamos, dialogamos, discernimos juntos los desaf\u00edos de la interculturalidad, en este caso la comunicaci\u00f3n, el entusiasmo y el choque de la novedad, Hechos sociales, valores&#8230; y tambi\u00e9n intentado comprender la noci\u00f3n de \u00abLaicidad\u00bb tal como se vive hoy en Francia.<br \/>Otros momentos de relax como los bailes culturales, las pel\u00edculas, los preparativos de las celebraciones y los oficios nos han permitido conocernos mutuamente, relajarnos y aprender del Otro, de los dem\u00e1s.<\/p>\n<p style=\"text-align: justify;\">Al escuchar la historia cultural de Francia, entend\u00ed mejor el camino de fe y el valor que nuestras hermanas HES siempre han tenido para atreverse a construir un mundo m\u00e1s fraterno y humano en los diferentes lugares de misi\u00f3n. Recuerdo que estamos continuamente llamadas a hacer dialogar nuestras culturas para construir juntos un camino, atreverse al compromiso, buscar el consenso y pasar de lo intercultural a la comuni\u00f3n fraterna y as\u00ed testimoniar el Amor de Dios.<\/p>\n<p style=\"text-align: justify;\">Todos volvimos radiantes de alegr\u00eda y muy felices por nuestro encuentro \u00abWelcome Days 2025\u00bb en Par\u00eds. Estoy muy agradecida a todas mis hermanas en congregaci\u00f3n y particularmente a las hermanas del Generalato que me han permitido vivir estos momentos ricos de gracias. Que el Se\u00f1or me ayude y nos ayude a vivir en comuni\u00f3n con \u00e9l y en solidaridad con nuestros hermanos y hermanas.<\/p>\n<p><span class=\"reference\"><strong><em>Hermana DONTSA Simone, HES<\/em><\/strong><em> &#8211; <strong>comunidad de Rennes<\/strong>. Publicado el 21 octubre 2025<\/em><\/span><\/p>\n<p><span class=\"reference\">1) Foto En el baile Bamil\u00e9k\u00e9 con la hermana Elke, en tanga<\/span><br \/><span class=\"reference\">2) Fotograf\u00eda en la danza tradicional de Burkina Faso<\/span><br \/><span class=\"reference\">3) Foto tomada del Trocadero donde la Torre Eiffel es bien visible<\/span><br \/><span class=\"reference\">4) Todos nosotros al final de la sesi\u00f3nsimone<\/span><\/p>\n<p>[\/et_pb_text][et_pb_gallery gallery_ids=\u00bb21451,21454,21457,21460&#8243; _builder_version=\u00bb4.27.4&#8243; _module_preset=\u00bbdefault\u00bb global_colors_info=\u00bb{}\u00bb][\/et_pb_gallery][\/et_pb_column][\/et_pb_row][\/et_pb_section]<\/p>\n","protected":false},"excerpt":{"rendered":"<p>Llamada a venir de Camer\u00fan a Francia para el servicio al economato general, tuve la gracia de participar en la sesi\u00f3n \u00abWelcome Days 2025\u00bb, encuentro organizado cada a\u00f1o por la CORREF (Conferencia de Religiosos y Religiosas de Francia) para permitir a los misioneros extranjeros entrar en la din\u00e1mica de la pastoral de Francia. Reunidos en [&hellip;]<\/p>\n","protected":false},"author":1,"featured_media":21446,"comment_status":"closed","ping_status":"closed","sticky":false,"template":"","format":"standard","meta":{"_acf_changed":false,"_et_pb_use_builder":"on","_et_pb_old_content":"<p style=\"text-align: justify;\"><strong>Llamada a venir de Camer\u00fan a Francia para el servicio al economato general, tuve la gracia de participar en la sesi\u00f3n \u00abWelcome Days 2025\u00bb, encuentro organizado cada a\u00f1o por la CORREF <\/strong><strong>(Conferencia de Religiosos y Religiosas de Francia)<\/strong><strong> para permitir a los misioneros extranjeros entrar en la din\u00e1mica de la pastoral de Francia.<\/strong><\/p><p style=\"text-align: justify;\">Reunidos en Par\u00eds en la Maison St Vincent en L'Hay-Les-Roses, en las Filles de La Charit\u00e9, del 13 al 17 de octubre de 2025, \u00e9ramos veintiocho participantes de los cuales cinco religiosos y veintitr\u00e9s religiosas de once nacionalidades, venidos de trece Institutos de vida consagrada, presentes en doce di\u00f3cesis aqu\u00ed en Francia.<\/p><p style=\"text-align: justify;\">Tuvimos la alegr\u00eda de ser acogidos por las hermanas Elke Steinacker y Catherine Sesboue de la CORREF as\u00ed como por las Hijas de la Caridad. Este primer d\u00eda estuvo reservado a la acogida, al intercambio fraterno entre nosotros y a los diversos descubrimientos ... lo que ha permitido a muchos de nosotros contemplar y admirar el esplendor de la Catedral de Notre Dame de Par\u00eds, la Tour Eiffel y muchos otros monumentos hist\u00f3ricos. Antes de terminar el d\u00eda con una celebraci\u00f3n eucar\u00edstica, <strong>tuvimos la entrevista de monse\u00f1or Gr\u00e9goire Cador, obispo de Coutances, antiguo misionero en Camer\u00fan: muy conmovedor compartir su experiencia misionera en tierra camerunesa. <\/strong>\u00a0<strong>\u00a1Para m\u00ed fue a la vez un momento de descubrimiento, de redescubrimiento y de toma de conciencia de las discretas riquezas de mi pa\u00eds!<\/strong> Con las preguntas y los compartimientos fraternos, hemos comprendido la necesidad de conocer la realidad de nuestra tierra de misi\u00f3n para servir mejor. El Prelado nos ha invitado a \u00absalir de nuestras mesas habituales de pensamiento\u00bb y a aceptar dejarnos convertir.<\/p><p style=\"text-align: justify;\">Durante los otros cuatro d\u00edas, a trav\u00e9s de las ense\u00f1anzas, las celebraciones eucar\u00edsticas, los trabajos en grupo, escuchamos, reflexionamos, dialogamos, discernimos juntos los desaf\u00edos de la interculturalidad, en este caso la comunicaci\u00f3n, el entusiasmo y el choque de la novedad, Hechos sociales, valores... y tambi\u00e9n intentado comprender la noci\u00f3n de \u00abLaicidad\u00bb tal como se vive hoy en Francia.<br \/>Otros momentos de relax como los bailes culturales, las pel\u00edculas, los preparativos de las celebraciones y los oficios nos han permitido conocernos mutuamente, relajarnos y aprender del Otro, de los dem\u00e1s.<\/p><p style=\"text-align: justify;\">Al escuchar la historia cultural de Francia, entend\u00ed mejor el camino de fe y el valor que nuestras hermanas FSE siempre han tenido para atreverse a construir un mundo m\u00e1s fraterno y humano en los diferentes lugares de misi\u00f3n.<br \/>Recuerdo que estamos continuamente llamadas a hacer dialogar nuestras culturas para construir juntos un camino, atreverse al compromiso, buscar el consenso y pasar de lo intercultural a la comuni\u00f3n fraterna y as\u00ed testimoniar el Amor de Dios.<\/p><p style=\"text-align: justify;\">Todos volvimos radiantes de alegr\u00eda y muy felices por nuestro encuentro \u00abWelcome Days 2025\u00bb en Par\u00eds. Estoy muy agradecida a todas mis hermanas en congregaci\u00f3n y particularmente a las hermanas del Generalato que me han permitido vivir estos momentos ricos de gracias. Que el Se\u00f1or me ayude y nos ayude a vivir en comuni\u00f3n con \u00e9l y en solidaridad con nuestros hermanos y hermanas.<\/p><p><span class=\"reference\"><strong><em>Hermana DONTSA Simone, HES<\/em><\/strong><em> - <strong>comunidad de Rennes<\/strong>. Publicado el 21 octubre 2025<\/em><\/span><\/p><p>\u00a0<\/p><p>1) Foto En el baile Bamil\u00e9k\u00e9 con la hermana Elke, en tanga<\/p><p>2) Fotograf\u00eda en la danza tradicional de Burkina Faso<\/p><p>3) Foto tomada del Trocadero donde la Torre Eiffel es bien visible<\/p><p>4) Todos nosotros al final de la sesi\u00f3nsimone\u00a0\u00a0\u00a0\u00a0\u00a0\u00a0\u00a0\u00a0\u00a0\u00a0\u00a0\u00a0\u00a0\u00a0\u00a0\u00a0\u00a0\u00a0\u00a0\u00a0\u00a0\u00a0\u00a0\u00a0\u00a0\u00a0\u00a0\u00a0\u00a0\u00a0\u00a0\u00a0\u00a0\u00a0\u00a0\u00a0\u00a0\u00a0\u00a0\u00a0\u00a0\u00a0\u00a0\u00a0\u00a0\u00a0\u00a0\u00a0\u00a0\u00a0\u00a0\u00a0\u00a0\u00a0\u00a0\u00a0\u00a0\u00a0\u00a0\u00a0\u00a0\u00a0\u00a0\u00a0\u00a0\u00a0\u00a0\u00a0\u00a0\u00a0\u00a0\u00a0\u00a0\u00a0\u00a0<\/p>","_et_gb_content_width":"","footnotes":""},"categories":[43],"tags":[],"class_list":["post-21468","post","type-post","status-publish","format-standard","has-post-thumbnail","hentry","category-en-el-mundo"],"acf":[],"_links":{"self":[{"href":"https:\/\/www.fillesstesprit.org\/es\/wp-json\/wp\/v2\/posts\/21468","targetHints":{"allow":["GET"]}}],"collection":[{"href":"https:\/\/www.fillesstesprit.org\/es\/wp-json\/wp\/v2\/posts"}],"about":[{"href":"https:\/\/www.fillesstesprit.org\/es\/wp-json\/wp\/v2\/types\/post"}],"author":[{"embeddable":true,"href":"https:\/\/www.fillesstesprit.org\/es\/wp-json\/wp\/v2\/users\/1"}],"replies":[{"embeddable":true,"href":"https:\/\/www.fillesstesprit.org\/es\/wp-json\/wp\/v2\/comments?post=21468"}],"version-history":[{"count":7,"href":"https:\/\/www.fillesstesprit.org\/es\/wp-json\/wp\/v2\/posts\/21468\/revisions"}],"predecessor-version":[{"id":21488,"href":"https:\/\/www.fillesstesprit.org\/es\/wp-json\/wp\/v2\/posts\/21468\/revisions\/21488"}],"wp:featuredmedia":[{"embeddable":true,"href":"https:\/\/www.fillesstesprit.org\/es\/wp-json\/wp\/v2\/media\/21446"}],"wp:attachment":[{"href":"https:\/\/www.fillesstesprit.org\/es\/wp-json\/wp\/v2\/media?parent=21468"}],"wp:term":[{"taxonomy":"category","embeddable":true,"href":"https:\/\/www.fillesstesprit.org\/es\/wp-json\/wp\/v2\/categories?post=21468"},{"taxonomy":"post_tag","embeddable":true,"href":"https:\/\/www.fillesstesprit.org\/es\/wp-json\/wp\/v2\/tags?post=21468"}],"curies":[{"name":"wp","href":"https:\/\/api.w.org\/{rel}","templated":true}]}}