{"id":21589,"date":"2025-10-23T22:35:54","date_gmt":"2025-10-23T20:35:54","guid":{"rendered":"https:\/\/www.fillesstesprit.org\/?p=21589"},"modified":"2025-10-24T08:02:46","modified_gmt":"2025-10-24T06:02:46","slug":"laudato-si-chile-peru","status":"publish","type":"post","link":"https:\/\/www.fillesstesprit.org\/es\/laudato-si-chile-peru\/","title":{"rendered":"Laudato Si\u2019 &#8211; CHILE-PER\u00da"},"content":{"rendered":"<p>[et_pb_section fb_built=\u00bb1&#8243; _builder_version=\u00bb4.16&#8243; global_colors_info=\u00bb{}\u00bb][et_pb_row _builder_version=\u00bb4.16&#8243; background_size=\u00bbinitial\u00bb background_position=\u00bbtop_left\u00bb background_repeat=\u00bbrepeat\u00bb global_colors_info=\u00bb{}\u00bb][et_pb_column type=\u00bb4_4&#8243; _builder_version=\u00bb4.16&#8243; custom_padding=\u00bb|||\u00bb global_colors_info=\u00bb{}\u00bb custom_padding__hover=\u00bb|||\u00bb][et_pb_text admin_label=\u00bbTexte\u00bb _builder_version=\u00bb4.27.4&#8243; background_size=\u00bbinitial\u00bb background_position=\u00bbtop_left\u00bb background_repeat=\u00bbrepeat\u00bb hover_enabled=\u00bb0&#8243; global_colors_info=\u00bb{}\u00bb sticky_enabled=\u00bb0&#8243;]<\/p>\n<h4><strong>Por m\u00e1s justicia social y ambiental<\/strong><\/h4>\n<p><strong>El pasado 4 de octubre, la unidad HES Chile-Per\u00fa <em>(religiosas, rama secular y asociados)<\/em> celebr\u00f3 la Eucarist\u00eda \u00abPor m\u00e1s justicia social y ambiental en el mundo\u00bb. La Eucarist\u00eda fue presidida por el padre Santiago Vallebuona, S.J., conmemorando los 10 a\u00f1os (2015-2025) de la enc\u00edclica Laudato Si&#8217; del papa Francisco.<\/strong><\/p>\n<p>Este evento tuvo lugar a trav\u00e9s de la plataforma virtual Zoom con m\u00e1s de 40 personas ubicadas en sus casas o locales, ya sea individualmente o en grupos. Se construyeron peque\u00f1os altares en cada lugar con im\u00e1genes, flores, pan, uvas, telas, velas y otros objetos significativos.<br \/>Cada comunidad de manera representativa ha participado activamente en los diferentes momentos de la misa seg\u00fan lo previsto. El excelente coro de Antofagasta fue dirigido por Julia Labra. Sin duda ha habido mucho afecto e investigaci\u00f3n espiritual por la profundidad de los mensajes, los cantos, el abrazo de la paz, la comuni\u00f3n y el env\u00edo misionero en un clima de fe y esperanza.<\/p>\n<p>Finalmente, llenos de alegr\u00eda, concluimos nuestra celebraci\u00f3n expresando nuestro agradecimiento al Padre, al Hijo y al Esp\u00edritu Santo, as\u00ed como a nuestra Sant\u00edsima Madre Mar\u00eda, por mantenernos con vida y poder as\u00ed seguir trabajando por el reino de la justicia, de la paz y del amor, aqu\u00ed y ahora.<\/p>\n<p><span class=\"reference\"><strong><em>Grupo de coordinaci\u00f3n de los asociados de Chile y el Per\u00fa<br \/><\/em><\/strong><strong><em>Enviado por Yvonne CUELLARD &#8211; <\/em><\/strong><em>Publicado el 23 de octubre de 2025<\/em><\/span><\/p>\n<p><span class=\"reference\">&#8211; 1er foto: donde estamos conectados a trav\u00e9s de la plataforma virtual Zoom<\/span><br \/><span class=\"reference\">&#8211; 2da. foto: altar de la Rama Secular\u00a0<\/span><br \/><span class=\"reference\">&#8211; 3er. foto: Asociados de Huaura &#8211; Per\u00fa<\/span><br \/><span class=\"reference\">&#8211; 4ta. foto: Asociados de Lima &#8211; Per\u00fa<\/span><br \/><span class=\"reference\">&#8211; 5ta. foto: Asociados del Callao &#8211; Per\u00fa<\/span><br \/><span class=\"reference\">&#8211; 6ta. foto: Asociados de Santiago &#8211; Chile<br \/>&#8211; 7ta. foto: Asociados de Antofagasta &#8211; Chile<\/span><\/p>\n<p>[\/et_pb_text][et_pb_gallery gallery_ids=\u00bb21572,21575,21578,21581,21584,21587&#8243; posts_number=\u00bb20&#8243; show_title_and_caption=\u00bboff\u00bb show_pagination=\u00bboff\u00bb _builder_version=\u00bb4.27.4&#8243; _module_preset=\u00bbdefault\u00bb global_colors_info=\u00bb{}\u00bb][\/et_pb_gallery][\/et_pb_column][\/et_pb_row][\/et_pb_section]<\/p>\n","protected":false},"excerpt":{"rendered":"<p>Por m\u00e1s justicia social y ambiental El pasado 4 de octubre, la unidad HES Chile-Per\u00fa (religiosas, rama secular y asociados) celebr\u00f3 la Eucarist\u00eda \u00abPor m\u00e1s justicia social y ambiental en el mundo\u00bb. La Eucarist\u00eda fue presidida por el padre Santiago Vallebuona, S.J., conmemorando los 10 a\u00f1os (2015-2025) de la enc\u00edclica Laudato Si&#8217; del papa Francisco. [&hellip;]<\/p>\n","protected":false},"author":1,"featured_media":21544,"comment_status":"closed","ping_status":"closed","sticky":false,"template":"","format":"standard","meta":{"_acf_changed":false,"_et_pb_use_builder":"on","_et_pb_old_content":"<h4><strong>Por m\u00e1s justicia social y ambiental<\/strong><\/h4><p><strong>El pasado 4 de octubre, la unidad HES Chile-Per\u00fa <em>(religiosas, rama secular y asociados)<\/em> celebr\u00f3 la Eucarist\u00eda \"Por m\u00e1s justicia social y ambiental en el mundo\". La Eucarist\u00eda fue presidida por el padre Santiago Vallebuona, S.J., conmemorando los 10 a\u00f1os (2015-2025) de la enc\u00edclica Laudato Si' del papa Francisco.<\/strong><\/p><p>Este evento tuvo lugar a trav\u00e9s de la plataforma virtual Zoom con m\u00e1s de 40 personas ubicadas en sus casas o locales, ya sea individualmente o en grupos. Se construyeron peque\u00f1os altares en cada lugar con im\u00e1genes, flores, pan, uvas, telas, velas y otros objetos significativos.<br \/>Cada comunidad de manera representativa ha participado activamente en los diferentes momentos de la misa seg\u00fan lo previsto. El excelente coro de Antofagasta fue dirigido por Julia Labra. Sin duda ha habido mucho afecto e investigaci\u00f3n espiritual por la profundidad de los mensajes, los cantos, el abrazo de la paz, la comuni\u00f3n y el env\u00edo misionero en un clima de fe y esperanza.<\/p><p>Finalmente, llenos de alegr\u00eda, concluimos nuestra celebraci\u00f3n expresando nuestro agradecimiento al Padre, al Hijo y al Esp\u00edritu Santo, as\u00ed como a nuestra Sant\u00edsima Madre Mar\u00eda, por mantenernos con vida y poder as\u00ed seguir trabajando por el reino de la justicia, de la paz y del amor, aqu\u00ed y ahora.\u00a0<\/p><p><span class=\"reference\"><strong><em>Grupo de coordinaci\u00f3n de los asociados de Chile y el Per\u00fa<br \/><\/em><\/strong><strong><em>Enviado por Yvonne CUELLARD - <\/em><\/strong><em>Publicado el 23 de octubre de 2025<\/em><\/span><\/p><p><span class=\"reference\">- 1er foto: donde estamos conectados a trav\u00e9s de la plataforma virtual Zoom<\/span><br \/><span class=\"reference\">- 2da. foto: altar de la Rama Secular\u00a0<\/span><br \/><span class=\"reference\">- 3er. foto: Asociados de Huaura - Per\u00fa<\/span><br \/><span class=\"reference\">- 4ta. foto: Asociados de Lima - Per\u00fa<\/span><br \/><span class=\"reference\">- 5ta. foto: Asociados del Callao - Per\u00fa<\/span><br \/><span class=\"reference\">- 6ta. foto: Asociados de Santiago - Chile<\/span><\/p><p>- 7ta. foto: Asociados de Antofagasta - Chile<\/p>","_et_gb_content_width":"","footnotes":""},"categories":[63],"tags":[],"class_list":["post-21589","post","type-post","status-publish","format-standard","has-post-thumbnail","hentry","category-laudato-si-4-oct-2025-es"],"acf":[],"_links":{"self":[{"href":"https:\/\/www.fillesstesprit.org\/es\/wp-json\/wp\/v2\/posts\/21589","targetHints":{"allow":["GET"]}}],"collection":[{"href":"https:\/\/www.fillesstesprit.org\/es\/wp-json\/wp\/v2\/posts"}],"about":[{"href":"https:\/\/www.fillesstesprit.org\/es\/wp-json\/wp\/v2\/types\/post"}],"author":[{"embeddable":true,"href":"https:\/\/www.fillesstesprit.org\/es\/wp-json\/wp\/v2\/users\/1"}],"replies":[{"embeddable":true,"href":"https:\/\/www.fillesstesprit.org\/es\/wp-json\/wp\/v2\/comments?post=21589"}],"version-history":[{"count":5,"href":"https:\/\/www.fillesstesprit.org\/es\/wp-json\/wp\/v2\/posts\/21589\/revisions"}],"predecessor-version":[{"id":21596,"href":"https:\/\/www.fillesstesprit.org\/es\/wp-json\/wp\/v2\/posts\/21589\/revisions\/21596"}],"wp:featuredmedia":[{"embeddable":true,"href":"https:\/\/www.fillesstesprit.org\/es\/wp-json\/wp\/v2\/media\/21544"}],"wp:attachment":[{"href":"https:\/\/www.fillesstesprit.org\/es\/wp-json\/wp\/v2\/media?parent=21589"}],"wp:term":[{"taxonomy":"category","embeddable":true,"href":"https:\/\/www.fillesstesprit.org\/es\/wp-json\/wp\/v2\/categories?post=21589"},{"taxonomy":"post_tag","embeddable":true,"href":"https:\/\/www.fillesstesprit.org\/es\/wp-json\/wp\/v2\/tags?post=21589"}],"curies":[{"name":"wp","href":"https:\/\/api.w.org\/{rel}","templated":true}]}}