{"id":22311,"date":"2025-12-08T13:11:51","date_gmt":"2025-12-08T12:11:51","guid":{"rendered":"https:\/\/www.fillesstesprit.org\/?p=22311"},"modified":"2025-12-08T13:57:40","modified_gmt":"2025-12-08T12:57:40","slug":"landure-jeanne","status":"publish","type":"post","link":"https:\/\/www.fillesstesprit.org\/es\/landure-jeanne\/","title":{"rendered":"LANDURE Jeanne"},"content":{"rendered":"<p style=\"text-align: left;\">Nombre de la religiosa: <strong><em>Hermana Mar\u00eda Luc\u00eda de Cristo<br \/>\n<\/em><\/strong>A\u00f1o de profesi\u00f3n religiosa: 1953<br \/>\nLugar de nacimiento: Lannilis (29)<br \/>\nEdad: 92 a\u00f1os<br \/>\nFecha y lugar de la muerte: domingo 7 diciembre 2025 en el hospital de Saint-Brieuc<br \/>\n<strong>Fecha y lugar del funeral: jueves 11 de diciembre de 2025 a las 14.30 horas en Saint-Brieuc, Maison-M\u00e8re &#8211; seguido de la inhumaci\u00f3n en el cementerio.<\/strong><\/p>\n<p style=\"text-align: left;\">Sus principales obediencias fueron:<br \/>\n&#8211; Douarnenez &#8211; Quimper &#8211; Pl\u00e9dran &#8211; Saint-Brieuc &#8211; Pordic &#8211; Argentan &#8211; Rennes. En Tr\u00e9gueux desde 2008<\/p>\n<p><em><strong>\u00a1Que Dios lo acoja en su luz!<\/strong><\/em><\/p>\n","protected":false},"excerpt":{"rendered":"<p>Nombre de la religiosa: Hermana Mar\u00eda Luc\u00eda de Cristo A\u00f1o de profesi\u00f3n religiosa: 1953 Lugar de nacimiento: Lannilis (29) Edad: 92 a\u00f1os Fecha y lugar de la muerte: domingo 7 diciembre 2025 en el hospital de Saint-Brieuc Fecha y lugar del funeral: jueves 11 de diciembre de 2025 a las 14.30 horas en Saint-Brieuc, Maison-M\u00e8re [&hellip;]<\/p>\n","protected":false},"author":1,"featured_media":22307,"comment_status":"closed","ping_status":"closed","sticky":false,"template":"","format":"standard","meta":{"_acf_changed":false,"_et_pb_use_builder":"","_et_pb_old_content":"","_et_gb_content_width":"","footnotes":""},"categories":[51,3],"tags":[],"class_list":["post-22311","post","type-post","status-publish","format-standard","has-post-thumbnail","hentry","category-en-memoria-de","category-sin-categorizar"],"acf":[],"_links":{"self":[{"href":"https:\/\/www.fillesstesprit.org\/es\/wp-json\/wp\/v2\/posts\/22311","targetHints":{"allow":["GET"]}}],"collection":[{"href":"https:\/\/www.fillesstesprit.org\/es\/wp-json\/wp\/v2\/posts"}],"about":[{"href":"https:\/\/www.fillesstesprit.org\/es\/wp-json\/wp\/v2\/types\/post"}],"author":[{"embeddable":true,"href":"https:\/\/www.fillesstesprit.org\/es\/wp-json\/wp\/v2\/users\/1"}],"replies":[{"embeddable":true,"href":"https:\/\/www.fillesstesprit.org\/es\/wp-json\/wp\/v2\/comments?post=22311"}],"version-history":[{"count":4,"href":"https:\/\/www.fillesstesprit.org\/es\/wp-json\/wp\/v2\/posts\/22311\/revisions"}],"predecessor-version":[{"id":22317,"href":"https:\/\/www.fillesstesprit.org\/es\/wp-json\/wp\/v2\/posts\/22311\/revisions\/22317"}],"wp:featuredmedia":[{"embeddable":true,"href":"https:\/\/www.fillesstesprit.org\/es\/wp-json\/wp\/v2\/media\/22307"}],"wp:attachment":[{"href":"https:\/\/www.fillesstesprit.org\/es\/wp-json\/wp\/v2\/media?parent=22311"}],"wp:term":[{"taxonomy":"category","embeddable":true,"href":"https:\/\/www.fillesstesprit.org\/es\/wp-json\/wp\/v2\/categories?post=22311"},{"taxonomy":"post_tag","embeddable":true,"href":"https:\/\/www.fillesstesprit.org\/es\/wp-json\/wp\/v2\/tags?post=22311"}],"curies":[{"name":"wp","href":"https:\/\/api.w.org\/{rel}","templated":true}]}}