{"id":22357,"date":"2025-12-10T09:00:57","date_gmt":"2025-12-10T08:00:57","guid":{"rendered":"https:\/\/www.fillesstesprit.org\/?p=22357"},"modified":"2025-12-10T09:31:56","modified_gmt":"2025-12-10T08:31:56","slug":"nigeria-dia-mundial-de-la-discapacidad","status":"publish","type":"post","link":"https:\/\/www.fillesstesprit.org\/es\/nigeria-dia-mundial-de-la-discapacidad\/","title":{"rendered":"Nigeria. D\u00eda Mundial de la Discapacidad"},"content":{"rendered":"<p>[et_pb_section fb_built=\u00bb1&#8243; _builder_version=\u00bb4.16&#8243; global_colors_info=\u00bb{}\u00bb][et_pb_row _builder_version=\u00bb4.16&#8243; background_size=\u00bbinitial\u00bb background_position=\u00bbtop_left\u00bb background_repeat=\u00bbrepeat\u00bb global_colors_info=\u00bb{}\u00bb][et_pb_column type=\u00bb4_4&#8243; _builder_version=\u00bb4.16&#8243; custom_padding=\u00bb|||\u00bb global_colors_info=\u00bb{}\u00bb custom_padding__hover=\u00bb|||\u00bb][et_pb_text _builder_version=\u00bb4.27.4&#8243; background_size=\u00bbinitial\u00bb background_position=\u00bbtop_left\u00bb background_repeat=\u00bbrepeat\u00bb global_colors_info=\u00bb{}\u00bb]<\/p>\n<h5 style=\"text-align: justify;\"><strong>El 3 de diciembre, el Centro de Rehabilitaci\u00f3n de St. Mary celebr\u00f3 el D\u00eda Mundial de las Personas con Discapacidad bajo este punto: para avanzar en el progreso social, <em>\u00abPromover sociedades inclusivas para las personas con discapacidad\u00bb <\/em><\/strong><\/h5>\n<p style=\"text-align: justify;\">Ese d\u00eda, el Centro de Rehabilitaci\u00f3n y Desarrollo St. Mary reuni\u00f3 tanto a los estudiantes sanos como a los que viven con una discapacidad en un evento verdaderamente inclusivo y alegre. El programa, lleno de color, unidad y humanidad, reflejaba el compromiso del Centro con la promoci\u00f3n de la igualdad, la dignidad y la plena participaci\u00f3n de todos los ni\u00f1os.<\/p>\n<p style=\"text-align: justify;\">La jornada comenz\u00f3 con una misa solemne de apertura, que marc\u00f3 el tono de la gratitud, la reflexi\u00f3n y la esperanza. Durante la homil\u00eda, el P. Ajayi Thaddeus subray\u00f3 el valor de cada persona humana y la necesidad de una defensa y un apoyo continuo a las personas con discapacidad. Se\u00f1al\u00f3 que todos deben compartir la responsabilidad de ayudar a los que viven con diversas formas de discapacidad a ser \u00fatiles, para permitirles contribuir a la sociedad. <em>\u00abSe trata ante todo de inclusi\u00f3n, de caminar juntos en el esp\u00edritu de la sinodalidad\u00bb,<\/em> a\u00f1adi\u00f3.<\/p>\n<p style=\"text-align: justify;\">Despu\u00e9s de la misa, los participantes fueron recibidos por la coordinadora del Centro, Hermana Lydia Ewereoke, Hija del Esp\u00edritu Santo, quien expres\u00f3 su aprecio por el crecimiento y progreso del Centro y la importancia de crear entornos inclusivos para todos los estudiantes. El evento tambi\u00e9n fue enriquecido por la presencia del obispo cat\u00f3lico de la di\u00f3cesis de Osogbo, monse\u00f1or John Akinkumi Oyejola, cuyas palabras inspiraron a los ni\u00f1os, padres, educadores e invitados: hizo hincapi\u00e9 en la compasi\u00f3n, El respeto y la necesidad de que la sociedad reconozca las capacidades y el potencial de cada ni\u00f1o.<br \/>En su presentaci\u00f3n, el Reverendo P. Okurumeh Stephen alent\u00f3 a todos, especialmente al personal, a continuar sus servicios ense\u00f1ando y guiando a los alumnos con amor y compasi\u00f3n, respetando su dignidad. La segunda oradora, Akinloye, hizo hincapi\u00e9 en la importancia de la salud mental de las personas con discapacidad: alent\u00f3 a todos los que se ocupan de los servicios y el cuidado de esas personas a evitar la cr\u00edtica y la discriminaci\u00f3n, velar por que sean reconocidas.<br \/>Algunos conferenciantes invitados tambi\u00e9n hicieron contribuciones a este evento especial.<\/p>\n<p style=\"text-align: justify;\">La celebraci\u00f3n fue coloreada por una serie de animaciones producidas por los alumnos del Centre Sainte-Marie mostrando su creatividad y sus talentos. Los puntos fuertes fueron: &#8211; una canci\u00f3n bellamente bienvenida y un baile cultural cautivador que celebra la diversidad de la herencia nigeriana, &#8211; una coreograf\u00eda graciosa que demuestra el trabajo art\u00edstico en equipo, &#8211; una escena titulada <em>\u00abLet them shine\u00bb<\/em> alentar a los padres a sacar a sus hijos discapacitados, en lugar de mantenerlos escondidos en casa, y permitirles disfrutar del privilegio de la educaci\u00f3n para aprender, crecer y recibir amistad. Adem\u00e1s, otras escuelas presentaron exposiciones y eventos culturales que enriquecieron el ambiente y fomentaron un sentimiento de unidad y colaboraci\u00f3n entre las escuelas participantes.<\/p>\n<p style=\"text-align: justify;\">La celebraci\u00f3n fue honrada por un gran n\u00famero de padres, cuidadores, educadores, comunidad, l\u00edderes, sacerdotes, religiosos y benefactores. Su presencia atestigu\u00f3 la fuerte comunidad de apoyo a la misi\u00f3n del Centro y la importancia de promover la inclusi\u00f3n, la accesibilidad y la igualdad de oportunidades para las personas con discapacidad.<\/p>\n<p><span class=\"reference\"><strong><em>Hermana Bridget ANYAM, HES<\/em><\/strong><em>. Publicado el 10 de diciembre de 2025<\/em><\/span><\/p>\n<p>[\/et_pb_text][et_pb_gallery gallery_ids=\u00bb22339,22342,22345,22348,22351&#8243; posts_number=\u00bb20&#8243; show_title_and_caption=\u00bboff\u00bb show_pagination=\u00bboff\u00bb _builder_version=\u00bb4.27.4&#8243; _module_preset=\u00bbdefault\u00bb global_colors_info=\u00bb{}\u00bb][\/et_pb_gallery][\/et_pb_column][\/et_pb_row][\/et_pb_section]<\/p>\n","protected":false},"excerpt":{"rendered":"<p>El 3 de diciembre, el Centro de Rehabilitaci\u00f3n de St. Mary celebr\u00f3 el D\u00eda Mundial de las Personas con Discapacidad bajo este punto: para avanzar en el progreso social, \u00abPromover sociedades inclusivas para las personas con discapacidad\u00bb Ese d\u00eda, el Centro de Rehabilitaci\u00f3n y Desarrollo St. Mary reuni\u00f3 tanto a los estudiantes sanos como a [&hellip;]<\/p>\n","protected":false},"author":1,"featured_media":22334,"comment_status":"closed","ping_status":"closed","sticky":false,"template":"","format":"standard","meta":{"_acf_changed":false,"_et_pb_use_builder":"on","_et_pb_old_content":"<h5><strong>El 3 de diciembre, el Centro de Rehabilitaci\u00f3n de St. Mary celebr\u00f3 el D\u00eda Mundial de las Personas con Discapacidad bajo este punto: para avanzar en el progreso social, <em>\u00abPromover sociedades inclusivas para las personas con discapacidad\u00bb <\/em><\/strong><\/h5><p>Ese d\u00eda, el Centro de Rehabilitaci\u00f3n y Desarrollo St. Mary reuni\u00f3 tanto a los estudiantes sanos como a los que viven con una discapacidad en un evento verdaderamente inclusivo y alegre. El programa, lleno de color, unidad y humanidad, reflejaba el compromiso del Centro con la promoci\u00f3n de la igualdad, la dignidad y la plena participaci\u00f3n de todos los ni\u00f1os.<\/p><p>La jornada comenz\u00f3 con una misa solemne de apertura, que marc\u00f3 el tono de la gratitud, la reflexi\u00f3n y la esperanza. Durante la homil\u00eda, el P. Ajayi Thaddeus subray\u00f3 el valor de cada persona humana y la necesidad de una defensa y un apoyo continuo a las personas con discapacidad. Se\u00f1al\u00f3 que todos deben compartir la responsabilidad de ayudar a los que viven con diversas formas de discapacidad a ser \u00fatiles, para permitirles contribuir a la sociedad. <em>\u00abSe trata ante todo de inclusi\u00f3n, de caminar juntos en el esp\u00edritu de la sinodalidad\u00bb,<\/em> a\u00f1adi\u00f3.<\/p><p>Despu\u00e9s de la misa, los participantes fueron recibidos por la coordinadora del Centro, Hermana Lydia Ewereoke, Hija del Esp\u00edritu Santo, quien expres\u00f3 su aprecio por el crecimiento y progreso del Centro y la importancia de crear entornos inclusivos para todos los estudiantes. El evento tambi\u00e9n fue enriquecido por la presencia del obispo cat\u00f3lico de la di\u00f3cesis de Osogbo, monse\u00f1or John Akinkumi Oyejola, cuyas palabras inspiraron a los ni\u00f1os, padres, educadores e invitados: hizo hincapi\u00e9 en la compasi\u00f3n, El respeto y la necesidad de que la sociedad reconozca las capacidades y el potencial de cada ni\u00f1o.<br \/>En su presentaci\u00f3n, el Reverendo P. Okurumeh Stephen alent\u00f3 a todos, especialmente al personal, a continuar sus servicios ense\u00f1ando y guiando a los alumnos con amor y compasi\u00f3n, respetando su dignidad. La segunda oradora, Akinloye, hizo hincapi\u00e9 en la importancia de la salud mental de las personas con discapacidad: alent\u00f3 a todos los que se ocupan de los servicios y el cuidado de esas personas a evitar la cr\u00edtica y la discriminaci\u00f3n, velar por que sean reconocidas.<br \/>Algunos conferenciantes invitados tambi\u00e9n hicieron contribuciones a este evento especial.\u00a0<\/p><p>La celebraci\u00f3n fue coloreada por una serie de animaciones producidas por los alumnos del Centre Sainte-Marie mostrando su creatividad y sus talentos. Los puntos fuertes fueron: - una canci\u00f3n bellamente bienvenida y un baile cultural cautivador que celebra la diversidad de la herencia nigeriana, - una coreograf\u00eda graciosa que demuestra el trabajo art\u00edstico en equipo, - una escena titulada \u00abLet them shine\u00bb alentar a los padres a sacar a sus hijos discapacitados, en lugar de mantenerlos escondidos en casa, y permitirles disfrutar del privilegio de la educaci\u00f3n para aprender, crecer y recibir amistad. Adem\u00e1s, otras escuelas presentaron exposiciones y eventos culturales que enriquecieron el ambiente y fomentaron un sentimiento de unidad y colaboraci\u00f3n entre las escuelas participantes.\u00a0<\/p><p>La celebraci\u00f3n fue honrada por un gran n\u00famero de padres, cuidadores, educadores, comunidad, l\u00edderes, sacerdotes, religiosos y benefactores. Su presencia atestigu\u00f3 la fuerte comunidad de apoyo a la misi\u00f3n del Centro y la importancia de promover la inclusi\u00f3n, la accesibilidad y la igualdad de oportunidades para las personas con discapacidad.<\/p><p><span class=\"reference\"><strong><em>Hermana Bridget ANYAM, HES<\/em><\/strong><em>. Publicado el 10 de diciembre de 2025<\/em><\/span><\/p>","_et_gb_content_width":"","footnotes":""},"categories":[47],"tags":[],"class_list":["post-22357","post","type-post","status-publish","format-standard","has-post-thumbnail","hentry","category-justicia-y-solidaridad"],"acf":[],"_links":{"self":[{"href":"https:\/\/www.fillesstesprit.org\/es\/wp-json\/wp\/v2\/posts\/22357","targetHints":{"allow":["GET"]}}],"collection":[{"href":"https:\/\/www.fillesstesprit.org\/es\/wp-json\/wp\/v2\/posts"}],"about":[{"href":"https:\/\/www.fillesstesprit.org\/es\/wp-json\/wp\/v2\/types\/post"}],"author":[{"embeddable":true,"href":"https:\/\/www.fillesstesprit.org\/es\/wp-json\/wp\/v2\/users\/1"}],"replies":[{"embeddable":true,"href":"https:\/\/www.fillesstesprit.org\/es\/wp-json\/wp\/v2\/comments?post=22357"}],"version-history":[{"count":7,"href":"https:\/\/www.fillesstesprit.org\/es\/wp-json\/wp\/v2\/posts\/22357\/revisions"}],"predecessor-version":[{"id":22368,"href":"https:\/\/www.fillesstesprit.org\/es\/wp-json\/wp\/v2\/posts\/22357\/revisions\/22368"}],"wp:featuredmedia":[{"embeddable":true,"href":"https:\/\/www.fillesstesprit.org\/es\/wp-json\/wp\/v2\/media\/22334"}],"wp:attachment":[{"href":"https:\/\/www.fillesstesprit.org\/es\/wp-json\/wp\/v2\/media?parent=22357"}],"wp:term":[{"taxonomy":"category","embeddable":true,"href":"https:\/\/www.fillesstesprit.org\/es\/wp-json\/wp\/v2\/categories?post=22357"},{"taxonomy":"post_tag","embeddable":true,"href":"https:\/\/www.fillesstesprit.org\/es\/wp-json\/wp\/v2\/tags?post=22357"}],"curies":[{"name":"wp","href":"https:\/\/api.w.org\/{rel}","templated":true}]}}