{"id":2246,"date":"2022-07-24T14:42:50","date_gmt":"2022-07-24T12:42:50","guid":{"rendered":"https:\/\/www.fillesstesprit.org\/?p=2246"},"modified":"2022-07-28T12:27:35","modified_gmt":"2022-07-28T10:27:35","slug":"siete-nuevas-hijas-del-espiritu-santo","status":"publish","type":"post","link":"https:\/\/www.fillesstesprit.org\/es\/siete-nuevas-hijas-del-espiritu-santo\/","title":{"rendered":"Siete nuevas Hijas del Esp\u00edritu Santo"},"content":{"rendered":"<p><strong>El 22 de julio de 2022, la comunidad del noviciado acogi\u00f3 a invitados de todo el pa\u00eds para la primera profesi\u00f3n de votos. <\/strong><strong>Fue un d\u00eda especial en la vida de la congregaci\u00f3n de las Hijas del Esp\u00edritu Santo, ya que la Viceprovincia de Nigeria celebr\u00f3 la primera profesi\u00f3n de votos de Elizabeth Adekunle, Elizabeth Adeyemi, Cynthia Alafuonye, Oluwaferanmi Aluko, Lucy Aurelius, Martha Francis y Lydia Umagba.<\/strong><\/p>\n<p><strong>&nbsp;<\/strong>La celebraci\u00f3n comenz\u00f3 el 21 de julio con una vigilia de oraci\u00f3n. Compartimos nuestra historia sagrada utilizando como s\u00edmbolo la palmera plantada junto al r\u00edo. Nadie puede imaginar el potencial del peque\u00f1o fruto de la palmera hasta que se planta&#8230;. e incluso cuando se planta y se nutre, probablemente no se ver\u00e1 el crecimiento en los primeros meses de su vida. La palmera es un \u00e1rbol \u00fanico y productivo y todos sus productos son importantes, por lo que ninguno puede ser eliminado. Comparamos nuestro viaje con este \u00e1rbol porque, mirando hacia atr\u00e1s, llegamos inocentemente sin ser conscientes de parte de nuestro potencial, fuerza y singularidad que reside en nosotros como grupo. Todos est\u00e1bamos enterrados en nuestros miedos, en nuestras diferencias, sin querer arriesgarnos a expresarnos como grupo. Como resultado, nuestro crecimiento no era visible. Aprendimos a sacar fuerza y valor del agua que fluye del r\u00edo que Cristo se arriesga a sacar, como dice la Regla de Vida: <em>\u00abEn ciertos momentos debemos aceptar perder nuestra seguridad para afrontar las contradicciones y caminar en los riesgos de la fe\u00bb.<\/em> Poco a poco, nuestro crecimiento comenz\u00f3 a dar forma a nuestras vidas.<\/p>\n<p>Al d\u00eda siguiente, a las 10 de la ma\u00f1ana, tuvo lugar la celebraci\u00f3n de la Santa Misa y nos dirigimos con alegr\u00eda al altar con nuestras familias, el director de formaci\u00f3n y el viceprovincial. El celebrante principal, el reverendo Joseph Onijigin, dio la bienvenida a todos y comenz\u00f3 el rito de la misa. Tras escuchar la Liturgia de la Palabra, la Directora de Formaci\u00f3n, Sor Stella Oluwafemi, nos invit\u00f3 a pasar al frente para dar a conocer nuestras intenciones y peticiones a la congregaci\u00f3n; la Viceprovincial, Sor Anthonia Ayeni, acogi\u00f3 nuestra petici\u00f3n. Todos los FSE presentes cantaron un himno de acci\u00f3n de gracias.<br \/>\nMichael Abiodun Oluwadare, SJ, comenz\u00f3 su homil\u00eda con la analog\u00eda de que si alguien busca un trabajo, se prepara muy bien y hace todo lo posible para demostrar que est\u00e1 cualificado para el trabajo: as\u00ed, los que se presentan han hecho todo lo posible para formar parte de la congregaci\u00f3n en la que Jes\u00fas les contrata.&nbsp; Dijo: \u00abDios te ha invitado a una relaci\u00f3n duradera y el \u00e9xito de esa relaci\u00f3n depende del tiempo, la energ\u00eda, el amor, el servicio, la vida comunitaria y la oraci\u00f3n\u00bb. Adem\u00e1s, explic\u00f3 que el coste de seguir a Cristo se plasma en los tres votos evang\u00e9licos y que nuestro S\u00cd a Cristo no ser\u00e1 siempre un camino de rosas. Por lo tanto, debemos ser felices en la misi\u00f3n y volver siempre a \u00c9l, que es la fuente de agua viva. Termin\u00f3 la homil\u00eda con una cita de la Regla de Vida: \u00ab<em>Nuestra decisi\u00f3n de seguir a Jes\u00fas, que era verdaderamente pobre, es una llamada a crear con los dem\u00e1s un mundo m\u00e1s justo y humano para todos\u00bb<\/em> (RV. Art. 18), por lo que nos anim\u00f3 a recordar siempre las cuatro P, que son: Pasi\u00f3n, persistencia, perseverancia y oraci\u00f3n. Estas cuatro P&#8217;s constituir\u00e1n la base de nuestro camino religioso.<br \/>\nEl interrogatorio del rito de la profesi\u00f3n fue realizado por la Hermana. Anthonia Ayeni, FSE, Viceprovincial en representaci\u00f3n de la Superiora General, Hermanna. Ann Almodovar, y luego pronunciamos nuestros votos de Castidad, Pobreza y Obediencia en su presencia y en la de dos testigos. A continuaci\u00f3n se procedi\u00f3 a la bendici\u00f3n y a la entrega de la insignia, la paloma. Cantamos con alegr\u00eda el Magnificat. Se nos invit\u00f3 a firmar en el registro de la congregaci\u00f3n, y fuimos acogidos por todos los FSE presentes y nuestras familias. Al final de la misa, recibimos una bendici\u00f3n seguida del rito de env\u00edo a la misi\u00f3n. A continuaci\u00f3n se hicieron fotos con todos los sacerdotes y hermanas presentes en la celebraci\u00f3n.<\/p>\n<p>Damos gracias a Dios Todopoderoso que ha hecho que esta jornada sea un \u00e9xito y por las gracias que hemos recibido; agradecemos a todos los que nos han ayudado a responder a la llamada de Dios. Que Dios os bendiga y recompense a todos<strong>.<\/strong><\/p>\n<p><strong>&nbsp;<\/strong><strong><em>Enviado por Stella BUKOLA, HES.<\/em><\/strong><em>. Publicado el 24 de julio de 2022<\/em><\/p>\n<p><img loading=\"lazy\" decoding=\"async\" class=\"size-medium wp-image-2234 aligncenter\" src=\"https:\/\/www.fillesstesprit.org\/wp-content\/uploads\/2022\/07\/professes1-300x176.jpg\" alt=\"\" width=\"300\" height=\"176\"><\/p>\n<p><img loading=\"lazy\" decoding=\"async\" class=\"size-medium wp-image-2237 aligncenter\" src=\"https:\/\/www.fillesstesprit.org\/wp-content\/uploads\/2022\/07\/professes2-300x150.jpg\" alt=\"\" width=\"300\" height=\"150\"><\/p>\n<p><img loading=\"lazy\" decoding=\"async\" class=\"size-medium wp-image-2240 aligncenter\" src=\"https:\/\/www.fillesstesprit.org\/wp-content\/uploads\/2022\/07\/professes3-280x300.jpg\" alt=\"\" width=\"280\" height=\"300\"><\/p>\n","protected":false},"excerpt":{"rendered":"<p>El 22 de julio de 2022, la comunidad del noviciado acogi\u00f3 a invitados de todo el pa\u00eds para la primera profesi\u00f3n de votos. Fue un d\u00eda especial en la vida de la congregaci\u00f3n de las Hijas del Esp\u00edritu Santo, ya que la Viceprovincia de Nigeria celebr\u00f3 la primera profesi\u00f3n de votos de Elizabeth Adekunle, Elizabeth [&hellip;]<\/p>\n","protected":false},"author":1,"featured_media":2231,"comment_status":"open","ping_status":"open","sticky":false,"template":"","format":"standard","meta":{"_acf_changed":false,"_et_pb_use_builder":"","_et_pb_old_content":"","_et_gb_content_width":"","footnotes":""},"categories":[44],"tags":[],"class_list":["post-2246","post","type-post","status-publish","format-standard","has-post-thumbnail","hentry","category-familia-espiritual"],"acf":[],"_links":{"self":[{"href":"https:\/\/www.fillesstesprit.org\/es\/wp-json\/wp\/v2\/posts\/2246","targetHints":{"allow":["GET"]}}],"collection":[{"href":"https:\/\/www.fillesstesprit.org\/es\/wp-json\/wp\/v2\/posts"}],"about":[{"href":"https:\/\/www.fillesstesprit.org\/es\/wp-json\/wp\/v2\/types\/post"}],"author":[{"embeddable":true,"href":"https:\/\/www.fillesstesprit.org\/es\/wp-json\/wp\/v2\/users\/1"}],"replies":[{"embeddable":true,"href":"https:\/\/www.fillesstesprit.org\/es\/wp-json\/wp\/v2\/comments?post=2246"}],"version-history":[{"count":5,"href":"https:\/\/www.fillesstesprit.org\/es\/wp-json\/wp\/v2\/posts\/2246\/revisions"}],"predecessor-version":[{"id":2260,"href":"https:\/\/www.fillesstesprit.org\/es\/wp-json\/wp\/v2\/posts\/2246\/revisions\/2260"}],"wp:featuredmedia":[{"embeddable":true,"href":"https:\/\/www.fillesstesprit.org\/es\/wp-json\/wp\/v2\/media\/2231"}],"wp:attachment":[{"href":"https:\/\/www.fillesstesprit.org\/es\/wp-json\/wp\/v2\/media?parent=2246"}],"wp:term":[{"taxonomy":"category","embeddable":true,"href":"https:\/\/www.fillesstesprit.org\/es\/wp-json\/wp\/v2\/categories?post=2246"},{"taxonomy":"post_tag","embeddable":true,"href":"https:\/\/www.fillesstesprit.org\/es\/wp-json\/wp\/v2\/tags?post=2246"}],"curies":[{"name":"wp","href":"https:\/\/api.w.org\/{rel}","templated":true}]}}