{"id":23006,"date":"2026-01-26T16:06:06","date_gmt":"2026-01-26T15:06:06","guid":{"rendered":"https:\/\/www.fillesstesprit.org\/?p=23006"},"modified":"2026-01-27T09:24:03","modified_gmt":"2026-01-27T08:24:03","slug":"rucard-jeanne","status":"publish","type":"post","link":"https:\/\/www.fillesstesprit.org\/es\/rucard-jeanne\/","title":{"rendered":"RUCARD Jeanne"},"content":{"rendered":"<p>Nombre de la religiosa: <strong><em>Anne-Yvonne du Sauveur<br \/>\n<\/em><\/strong>A\u00f1o de profesi\u00f3n religiosa: 1952<br \/>\nNacida en Plouguerneau (29)<br \/>\nEdad: 93 a\u00f1os<br \/>\n<strong>Fecha y lugar del funeral: el funeral tendr\u00e1 lugar<br \/>\n<\/strong><strong>el jueves 29 de enero de 2026 a las 10h en Plestin-les-Gr\u00e8ves. <\/strong><\/p>\n<p>Sus principales dependencias fueron : &#8211; Plou\u00e9nan &#8211; Esquibien &#8211; Ch\u00e2telaudren &#8211; Plestin-les-Gr\u00e8ves &#8211; Pordic &#8211; Plouguerneau &#8211; Saint-Brieuc, 22 rue des Capucins &#8211; Le Folgo\u00ebt<\/p>\n<p><strong><em>\u00a1Que Dios lo acoja en su luz!<\/em><\/strong><\/p>\n<p>&nbsp;<\/p>\n","protected":false},"excerpt":{"rendered":"<p>Nombre de la religiosa: Anne-Yvonne du Sauveur A\u00f1o de profesi\u00f3n religiosa: 1952 Nacida en Plouguerneau (29) Edad: 93 a\u00f1os Fecha y lugar del funeral: el funeral tendr\u00e1 lugar el jueves 29 de enero de 2026 a las 10h en Plestin-les-Gr\u00e8ves. Sus principales dependencias fueron : &#8211; Plou\u00e9nan &#8211; Esquibien &#8211; Ch\u00e2telaudren &#8211; Plestin-les-Gr\u00e8ves &#8211; Pordic [&hellip;]<\/p>\n","protected":false},"author":1,"featured_media":23002,"comment_status":"closed","ping_status":"closed","sticky":false,"template":"","format":"standard","meta":{"_acf_changed":false,"_et_pb_use_builder":"","_et_pb_old_content":"","_et_gb_content_width":"","footnotes":""},"categories":[51],"tags":[],"class_list":["post-23006","post","type-post","status-publish","format-standard","has-post-thumbnail","hentry","category-en-memoria-de"],"acf":[],"_links":{"self":[{"href":"https:\/\/www.fillesstesprit.org\/es\/wp-json\/wp\/v2\/posts\/23006","targetHints":{"allow":["GET"]}}],"collection":[{"href":"https:\/\/www.fillesstesprit.org\/es\/wp-json\/wp\/v2\/posts"}],"about":[{"href":"https:\/\/www.fillesstesprit.org\/es\/wp-json\/wp\/v2\/types\/post"}],"author":[{"embeddable":true,"href":"https:\/\/www.fillesstesprit.org\/es\/wp-json\/wp\/v2\/users\/1"}],"replies":[{"embeddable":true,"href":"https:\/\/www.fillesstesprit.org\/es\/wp-json\/wp\/v2\/comments?post=23006"}],"version-history":[{"count":2,"href":"https:\/\/www.fillesstesprit.org\/es\/wp-json\/wp\/v2\/posts\/23006\/revisions"}],"predecessor-version":[{"id":23054,"href":"https:\/\/www.fillesstesprit.org\/es\/wp-json\/wp\/v2\/posts\/23006\/revisions\/23054"}],"wp:featuredmedia":[{"embeddable":true,"href":"https:\/\/www.fillesstesprit.org\/es\/wp-json\/wp\/v2\/media\/23002"}],"wp:attachment":[{"href":"https:\/\/www.fillesstesprit.org\/es\/wp-json\/wp\/v2\/media?parent=23006"}],"wp:term":[{"taxonomy":"category","embeddable":true,"href":"https:\/\/www.fillesstesprit.org\/es\/wp-json\/wp\/v2\/categories?post=23006"},{"taxonomy":"post_tag","embeddable":true,"href":"https:\/\/www.fillesstesprit.org\/es\/wp-json\/wp\/v2\/tags?post=23006"}],"curies":[{"name":"wp","href":"https:\/\/api.w.org\/{rel}","templated":true}]}}