{"id":23035,"date":"2026-01-27T07:55:46","date_gmt":"2026-01-27T06:55:46","guid":{"rendered":"https:\/\/www.fillesstesprit.org\/?p=23035"},"modified":"2026-01-27T08:25:36","modified_gmt":"2026-01-27T07:25:36","slug":"fraternidad-en-comunidad-pastoral","status":"publish","type":"post","link":"https:\/\/www.fillesstesprit.org\/es\/fraternidad-en-comunidad-pastoral\/","title":{"rendered":"Fraternidad&#8230; en comunidad pastoral"},"content":{"rendered":"<p>[et_pb_section fb_built=\u00bb1&#8243; _builder_version=\u00bb4.16&#8243; global_colors_info=\u00bb{}\u00bb][et_pb_row _builder_version=\u00bb4.16&#8243; background_size=\u00bbinitial\u00bb background_position=\u00bbtop_left\u00bb background_repeat=\u00bbrepeat\u00bb global_colors_info=\u00bb{}\u00bb][et_pb_column type=\u00bb4_4&#8243; _builder_version=\u00bb4.16&#8243; custom_padding=\u00bb|||\u00bb global_colors_info=\u00bb{}\u00bb custom_padding__hover=\u00bb|||\u00bb][et_pb_text _builder_version=\u00bb4.27.5&#8243; background_size=\u00bbinitial\u00bb background_position=\u00bbtop_left\u00bb background_repeat=\u00bbrepeat\u00bb hover_enabled=\u00bb0&#8243; global_colors_info=\u00bb{}\u00bb sticky_enabled=\u00bb0&#8243;]<\/p>\n<h5 style=\"text-align: justify;\"><strong>Los agentes pastorales de la parroquia Notre-Dame de Marza, en N&#8217;Gaound\u00e9r\u00e9 -CAMER\u00daN- organizan cada a\u00f1o nuevo un momento de fraternidad en una de las comunidades religiosas y&#8230;\u00a0 deciden vivir este tiempo de alegr\u00eda en el seno de nuestra comunidad del noviciado. As\u00ed que el 10 de enero de 2026, les dimos una c\u00e1lida bienvenida, \u00a1con el coraz\u00f3n lleno de alegr\u00eda!\u00a0 <\/strong><\/h5>\n<p style=\"text-align: justify;\">Todas las diferentes comunidades religiosas estuvieron presentes: las Hijas del Esp\u00edritu Santo, las Hermanas del Sagrado Coraz\u00f3n de Jes\u00fas, las Hermanitas de la Inmaculada Concepci\u00f3n, las Hijas de Nuestra Se\u00f1ora de la Misericordia, dos sacerdotes diocesanos y una laica consagrada. Este encuentro nos ha alegrado y todav\u00eda nos marca profundamente a trav\u00e9s de momentos de convivencia vividos juntos durante el d\u00eda.<\/p>\n<p style=\"text-align: justify;\">Comenzada en nuestra capilla con una celebraci\u00f3n eucar\u00edstica sencilla y nutritiva, la misa fue presidida por el padre Andr\u00e9 Pakeu, rector de proped\u00e9utica, y su concelebrante el padre Pierre, p\u00e1rroco. La liturgia fue animada por las novicias de primer a\u00f1o de diferentes congregaciones: enriquecieron nuestra celebraci\u00f3n con m\u00faltiples y diversos cantos en lenguas Toupouri, Fufuld\u00e9, Malgache y Moore etc&#8230; Hermosa internacionalidad e inculturaci\u00f3n del evangelio!\u00a0 El padre celebrante nos ha alimentado con su homil\u00eda invit\u00e1ndonos, en esta p\u00e1gina virgen del a\u00f1o, a ser mujeres y hombres mansos, humildes y audaces al ejemplo de Juan Bautista, capaces de hacer sitio a Dios. Nos ha invitado tambi\u00e9n a ser siempre testigos de la esperanza entre nuestros hermanos y hermanas y en nuestros lugares de misi\u00f3n. Por otra parte, el p\u00e1rroco nos ha dirigido una palabra de agradecimiento apreciando a cada uno, cada una por su dedicaci\u00f3n en la parroquia y su amor por la misi\u00f3n. Tambi\u00e9n dio la bienvenida oficialmente a las nuevas personas comprometidas en los servicios de la parroquia, entre ellas nuestra hermana Bertine BAYANG! Ha expresado a todos sus mejores deseos para el a\u00f1o 2026. Despu\u00e9s de eso, recibimos la bendici\u00f3n final que cerraba este momento de rejuvenecimiento espiritual.<\/p>\n<p style=\"text-align: justify;\">Luego fueron las festividades en otras formas, entre ellas la de la hermosa fraternidad que siempre fortalece nuestros lazos y nos abre a los dem\u00e1s. Con este fin, cada comunidad hab\u00eda previsto un plato muy delicioso para la puesta en com\u00fan, lo que nos permiti\u00f3 tener muchos platos internacionales como la bola, el pollo tchoukouris\u00e9 -del extremo norte-, las pastas brasile\u00f1as y el arroz malgache &#8230; Se a\u00f1adieron 3 grandes tortas y las diferentes bebidas donde cada uno pod\u00eda encontrar su gusto. Este d\u00eda, la alegr\u00eda reinaba all\u00ed, el ambiente era perfecto!<\/p>\n<p style=\"text-align: justify;\"><em>\u00a0<\/em>Por \u00faltimo, nos quedamos de nuevo maravillados por la entrada triunfal de los pasteles que tambi\u00e9n marca nuestra uni\u00f3n de una manera especial. Los novicios, llenos de vida, han entrado en la sala de recepci\u00f3n con estos pasteles transformados en UNO, reflejando el valor de nuestra fraternidad como disc\u00edpulos de Cristo. Y de nuevo hemos realizado pasos de baile de diferentes culturas y pa\u00edses. D\u00eda de fraternidad, de alegr\u00eda desbordante!<br \/>Que el Se\u00f1or siga fortaleci\u00e9ndonos en nuestra misi\u00f3n y fraternidad. Que su Esp\u00edritu ilumine a todos los j\u00f3venes en su discernimiento siguiendo a Cristo.<br \/>Una vez m\u00e1s, feliz a\u00f1o 2026 a todos y gracias!<\/p>\n<p><span class=\"reference\"><strong><em>The HES Novices of N&#8217;Gaound\u00e9r<\/em><\/strong><em>. <\/em><em>Publicado el 27 de enero de 2026 <\/em><\/span><\/p>\n<p>[\/et_pb_text][et_pb_gallery gallery_ids=\u00bb23017,23020,23023,23026,23029&#8243; posts_number=\u00bb20&#8243; show_title_and_caption=\u00bboff\u00bb show_pagination=\u00bboff\u00bb _builder_version=\u00bb4.27.5&#8243; _module_preset=\u00bbdefault\u00bb global_colors_info=\u00bb{}\u00bb][\/et_pb_gallery][\/et_pb_column][\/et_pb_row][\/et_pb_section]<\/p>\n","protected":false},"excerpt":{"rendered":"<p>Los agentes pastorales de la parroquia Notre-Dame de Marza, en N&#8217;Gaound\u00e9r\u00e9 -CAMER\u00daN- organizan cada a\u00f1o nuevo un momento de fraternidad en una de las comunidades religiosas y&#8230;\u00a0 deciden vivir este tiempo de alegr\u00eda en el seno de nuestra comunidad del noviciado. As\u00ed que el 10 de enero de 2026, les dimos una c\u00e1lida bienvenida, \u00a1con [&hellip;]<\/p>\n","protected":false},"author":1,"featured_media":23012,"comment_status":"closed","ping_status":"closed","sticky":false,"template":"","format":"standard","meta":{"_acf_changed":false,"_et_pb_use_builder":"on","_et_pb_old_content":"<h5><strong>Los agentes pastorales de la parroquia Notre-Dame de Marza, en N'Gaound\u00e9r\u00e9 -CAMER\u00daN- organizan cada a\u00f1o nuevo un momento de fraternidad en una de las comunidades religiosas y...\u00a0 deciden vivir este tiempo de alegr\u00eda en el seno de nuestra comunidad del noviciado. As\u00ed que el 10 de enero de 2026, les dimos una c\u00e1lida bienvenida, \u00a1con el coraz\u00f3n lleno de alegr\u00eda!\u00a0 <\/strong><\/h5><p>Todas las diferentes comunidades religiosas estuvieron presentes: las Hijas del Esp\u00edritu Santo, las Hermanas del Sagrado Coraz\u00f3n de Jes\u00fas, las Hermanitas de la Inmaculada Concepci\u00f3n, las Hijas de Nuestra Se\u00f1ora de la Misericordia, dos sacerdotes diocesanos y una laica consagrada. Este encuentro nos ha alegrado y todav\u00eda nos marca profundamente a trav\u00e9s de momentos de convivencia vividos juntos durante el d\u00eda.<\/p><p>Comenzada en nuestra capilla con una celebraci\u00f3n eucar\u00edstica sencilla y nutritiva, la misa fue presidida por el padre Andr\u00e9 Pakeu, rector de proped\u00e9utica, y su concelebrante el padre Pierre, p\u00e1rroco. La liturgia fue animada por las novicias de primer a\u00f1o de diferentes congregaciones: enriquecieron nuestra celebraci\u00f3n con m\u00faltiples y diversos cantos en lenguas Toupouri, Fufuld\u00e9, Malgache y Moore etc... Hermosa internacionalidad e inculturaci\u00f3n del evangelio!\u00a0 El padre celebrante nos ha alimentado con su homil\u00eda invit\u00e1ndonos, en esta p\u00e1gina virgen del a\u00f1o, a ser mujeres y hombres mansos, humildes y audaces al ejemplo de Juan Bautista, capaces de hacer sitio a Dios. Nos ha invitado tambi\u00e9n a ser siempre testigos de la esperanza entre nuestros hermanos y hermanas y en nuestros lugares de misi\u00f3n. Por otra parte, el p\u00e1rroco nos ha dirigido una palabra de agradecimiento apreciando a cada uno, cada una por su dedicaci\u00f3n en la parroquia y su amor por la misi\u00f3n. Tambi\u00e9n dio la bienvenida oficialmente a las nuevas personas comprometidas en los servicios de la parroquia, entre ellas nuestra hermana Bertine BAYANG! Ha expresado a todos sus mejores deseos para el a\u00f1o 2026. Despu\u00e9s de eso, recibimos la bendici\u00f3n final que cerraba este momento de rejuvenecimiento espiritual.<\/p><p>Luego fueron las festividades en otras formas, entre ellas la de la hermosa fraternidad que siempre fortalece nuestros lazos y nos abre a los dem\u00e1s. Con este fin, cada comunidad hab\u00eda previsto un plato muy delicioso para la puesta en com\u00fan, lo que nos permiti\u00f3 tener muchos platos internacionales como la bola, el pollo tchoukouris\u00e9 -del extremo norte-, las pastas brasile\u00f1as y el arroz malgache ... Se a\u00f1adieron 3 grandes tortas y las diferentes bebidas donde cada uno pod\u00eda encontrar su gusto. Este d\u00eda, la alegr\u00eda reinaba all\u00ed, el ambiente era perfecto!<\/p><p><em>\u00a0<\/em>Por \u00faltimo, nos quedamos de nuevo maravillados por la entrada triunfal de los pasteles que tambi\u00e9n marca nuestra uni\u00f3n de una manera especial. Los novicios, llenos de vida, han entrado en la sala de recepci\u00f3n con estos pasteles transformados en UNO, reflejando el valor de nuestra fraternidad como disc\u00edpulos de Cristo. Y de nuevo hemos realizado pasos de baile de diferentes culturas y pa\u00edses. D\u00eda de fraternidad, de alegr\u00eda desbordante!\u00a0\u00a0\u00a0\u00a0\u00a0\u00a0\u00a0\u00a0\u00a0\u00a0\u00a0\u00a0\u00a0\u00a0\u00a0\u00a0\u00a0\u00a0\u00a0\u00a0\u00a0\u00a0\u00a0\u00a0\u00a0\u00a0\u00a0\u00a0\u00a0\u00a0\u00a0\u00a0<br \/>Que el Se\u00f1or siga fortaleci\u00e9ndonos en nuestra misi\u00f3n y fraternidad. Que su Esp\u00edritu ilumine a todos los j\u00f3venes en su discernimiento siguiendo a Cristo.<br \/>Una vez m\u00e1s, feliz a\u00f1o 2026 a todos y gracias!<\/p><p><span class=\"reference\"><strong><em>The HES Novices of N'Gaound\u00e9r<\/em><\/strong><em>. <\/em><em>Publicado el 27 de enero de 2026 <\/em><\/span><\/p>","_et_gb_content_width":"","footnotes":""},"categories":[43],"tags":[],"class_list":["post-23035","post","type-post","status-publish","format-standard","has-post-thumbnail","hentry","category-en-el-mundo"],"acf":[],"_links":{"self":[{"href":"https:\/\/www.fillesstesprit.org\/es\/wp-json\/wp\/v2\/posts\/23035","targetHints":{"allow":["GET"]}}],"collection":[{"href":"https:\/\/www.fillesstesprit.org\/es\/wp-json\/wp\/v2\/posts"}],"about":[{"href":"https:\/\/www.fillesstesprit.org\/es\/wp-json\/wp\/v2\/types\/post"}],"author":[{"embeddable":true,"href":"https:\/\/www.fillesstesprit.org\/es\/wp-json\/wp\/v2\/users\/1"}],"replies":[{"embeddable":true,"href":"https:\/\/www.fillesstesprit.org\/es\/wp-json\/wp\/v2\/comments?post=23035"}],"version-history":[{"count":7,"href":"https:\/\/www.fillesstesprit.org\/es\/wp-json\/wp\/v2\/posts\/23035\/revisions"}],"predecessor-version":[{"id":23050,"href":"https:\/\/www.fillesstesprit.org\/es\/wp-json\/wp\/v2\/posts\/23035\/revisions\/23050"}],"wp:featuredmedia":[{"embeddable":true,"href":"https:\/\/www.fillesstesprit.org\/es\/wp-json\/wp\/v2\/media\/23012"}],"wp:attachment":[{"href":"https:\/\/www.fillesstesprit.org\/es\/wp-json\/wp\/v2\/media?parent=23035"}],"wp:term":[{"taxonomy":"category","embeddable":true,"href":"https:\/\/www.fillesstesprit.org\/es\/wp-json\/wp\/v2\/categories?post=23035"},{"taxonomy":"post_tag","embeddable":true,"href":"https:\/\/www.fillesstesprit.org\/es\/wp-json\/wp\/v2\/tags?post=23035"}],"curies":[{"name":"wp","href":"https:\/\/api.w.org\/{rel}","templated":true}]}}