{"id":26029,"date":"2026-09-03T17:41:16","date_gmt":"2026-09-03T15:41:16","guid":{"rendered":"https:\/\/www.fillesstesprit.org\/?p=26029"},"modified":"2026-09-03T21:48:26","modified_gmt":"2026-09-03T19:48:26","slug":"dia-inolvidable-para-nuestra-familia","status":"publish","type":"post","link":"https:\/\/www.fillesstesprit.org\/es\/dia-inolvidable-para-nuestra-familia\/","title":{"rendered":"D\u00eda inolvidable para nuestra familia&#8230;"},"content":{"rendered":"<p>[et_pb_section fb_built=\u00bb1&#8243; _builder_version=\u00bb4.16&#8243; global_colors_info=\u00bb{}\u00bb][et_pb_row _builder_version=\u00bb4.16&#8243; background_size=\u00bbinitial\u00bb background_position=\u00bbtop_left\u00bb background_repeat=\u00bbrepeat\u00bb global_colors_info=\u00bb{}\u00bb][et_pb_column type=\u00bb4_4&#8243; _builder_version=\u00bb4.16&#8243; custom_padding=\u00bb|||\u00bb global_colors_info=\u00bb{}\u00bb custom_padding__hover=\u00bb|||\u00bb][et_pb_text _builder_version=\u00bb4.27.8&#8243; background_size=\u00bbinitial\u00bb background_position=\u00bbtop_left\u00bb background_repeat=\u00bbrepeat\u00bb hover_enabled=\u00bb0&#8243; global_colors_info=\u00bb{}\u00bb sticky_enabled=\u00bb0&#8243;]<\/p>\n<h4 style=\"text-align: justify;\"><strong>Qu\u00e9 suerte tener una comunidad de hermanas amigas para dar gracias!<\/strong><\/h4>\n<p style=\"text-align: justify;\">Era el 29 de agosto: \u00a1mi madre, Th\u00e9r\u00e8se VEILL\u1e16, cumpli\u00f3 100 a\u00f1os! Mi madre ha estado durante 5 a\u00f1os en el EHPAD de Lann Eol, en Sainte-Anne-d&#8217;Auray, Regi\u00f3n Breta\u00f1a, Francia. Yo vivo en Plescop, una localidad a 16 km de distancia; desde hace 15 a\u00f1os participo en las celebraciones del santuario de Santa Ana de Auray.<\/p>\n<p style=\"text-align: justify;\">As\u00ed conocimos a las hermanas de la comunidad de las Hijas del Esp\u00edritu Santo: A<em>na, Teresa, Jeannette, Christiane, Bernadette, H\u00e9l\u00e8ne, Marie-Ange, Mathilde y muchas otras..<\/em>. Hermanas tan cari\u00f1osas: algunas pasan a saludar en las habitaciones; tambi\u00e9n hay fiestas, meriendas, juegos, la biblioteca, el jard\u00edn&#8230; y sin olvidar la sacrist\u00eda y el v\u00eddeo de la misa, misa donde llevan la comuni\u00f3n a las personas que no pueden desplazarse. Todos los viernes tenemos la suerte de tener una misa animada, ya sea en la gran capilla o en una sala climatizada o con calefacci\u00f3n seg\u00fan la temporada, y yo mismo estoy feliz de poder animar la misa de vez en cuando.<\/p>\n<p style=\"text-align: justify;\">Las hermanas se convierten r\u00e1pidamente en nuestras amigas -nos llaman por nuestro nombre- y sus sonrisas son realmente preciosas&#8230;\u00a0 El 29 de agosto es un d\u00eda inolvidable para nuestra familia: las hermanas nos permitieron usar la capilla para celebrar los 100 a\u00f1os. Los 3 hijos de la madre estaban presentes con ni\u00f1os y nietos&#8230; <span class=\"reference\">(no todos, ya que mam\u00e1 tiene 4 hijos, 17 nietos y 37 ni\u00f1os peque\u00f1os&#8230;)<\/span> El Padre Jean le Berrigaud ha aceptado venir a celebrar la misa, de la cual 3 palabras importantes se citan como pilares de una vida santa y plena: la <strong>fe<\/strong>, la <strong>alegr\u00eda<\/strong> y el <strong>amor<\/strong> &#8230; <em>\u00abPermaneced en mi amor y vuestra alegr\u00eda ser\u00e1 perfecta!\u00bb<\/em><\/p>\n<p style=\"text-align: justify;\"><strong>Mam\u00e1 estaba muy emocionada de que las hermanas presentes vinieran a besarla y desearle un feliz cumplea\u00f1os!\u00a0 \u00a1Gracias, queridas hermanas! Sois de nuestra familia: la nuestra, y la de Cristo con la Virgen Mar\u00eda y Santa Ana. Con ustedes hemos rezado, cantado, alabado y dado gracias por la salud y la vida plena de nuestra madre. Muchas gracias, queridas hermanas.<\/strong><\/p>\n<p><span class=\"reference\"><strong><em>Veronique VEILL\u00c9 CHANCERELLE con R\u00e9mi, mi marido y mis 4 hijos. <\/em><\/strong><em>Publicado el 3 de septiembre de 2026<\/em><\/span><\/p>\n<p>[\/et_pb_text][et_pb_gallery gallery_ids=\u00bb26018,26021,26024&#8243; posts_number=\u00bb20&#8243; show_title_and_caption=\u00bboff\u00bb show_pagination=\u00bboff\u00bb _builder_version=\u00bb4.27.8&#8243; _module_preset=\u00bbdefault\u00bb global_colors_info=\u00bb{}\u00bb][\/et_pb_gallery][\/et_pb_column][\/et_pb_row][\/et_pb_section]<\/p>\n","protected":false},"excerpt":{"rendered":"<p>Qu\u00e9 suerte tener una comunidad de hermanas amigas para dar gracias! Era el 29 de agosto: \u00a1mi madre, Th\u00e9r\u00e8se VEILL\u1e16, cumpli\u00f3 100 a\u00f1os! Mi madre ha estado durante 5 a\u00f1os en el EHPAD de Lann Eol, en Sainte-Anne-d&#8217;Auray, Regi\u00f3n Breta\u00f1a, Francia. Yo vivo en Plescop, una localidad a 16 km de distancia; desde hace 15 [&hellip;]<\/p>\n","protected":false},"author":1,"featured_media":26013,"comment_status":"closed","ping_status":"closed","sticky":false,"template":"","format":"standard","meta":{"_acf_changed":false,"_et_pb_use_builder":"on","_et_pb_old_content":"<h4 style=\"text-align: justify;\"><strong>Qu\u00e9 suerte tener una comunidad de hermanas amigas para dar gracias!<\/strong><\/h4><p style=\"text-align: justify;\">Era el 29 de agosto: \u00a1mi madre, Th\u00e9r\u00e8se VEILL\u1e16, cumpli\u00f3 100 a\u00f1os! Mi madre ha estado durante 5 a\u00f1os en el EHPAD de Lann Eol, en Sainte-Anne-d'Auray, Regi\u00f3n Breta\u00f1a, Francia. Yo vivo en Plescop, una localidad a 16 km de distancia; desde hace 15 a\u00f1os participo en las celebraciones del santuario mariano de Santa Ana de Auray.\u00a0<\/p><p style=\"text-align: justify;\">As\u00ed conocimos a las hermanas de la comunidad de las Hijas del Esp\u00edritu Santo: A<em>na, Teresa, Jeannette, Christiane, Bernadette, H\u00e9l\u00e8ne, Marie-Ange, Mathilde y muchas otras..<\/em>. Hermanas tan cari\u00f1osas: algunas pasan a saludar en las habitaciones; tambi\u00e9n hay fiestas, meriendas, juegos, la biblioteca, el jard\u00edn... y sin olvidar la sacrist\u00eda y el v\u00eddeo de la misa, misa donde llevan la comuni\u00f3n a las personas que no pueden desplazarse. Todos los viernes tenemos la suerte de tener una misa animada, ya sea en la gran capilla o en una sala climatizada o con calefacci\u00f3n seg\u00fan la temporada, y yo mismo estoy feliz de poder animar la misa de vez en cuando.<\/p><p style=\"text-align: justify;\">Las hermanas se convierten r\u00e1pidamente en nuestras amigas -nos llaman por nuestro nombre- y sus sonrisas son realmente preciosas...\u00a0 El 29 de agosto es un d\u00eda inolvidable para nuestra familia: las hermanas nos permitieron usar la capilla para celebrar los 100 a\u00f1os. Los 3 hijos de la madre estaban presentes con ni\u00f1os y nietos... <span class=\"reference\">(no todos, ya que mam\u00e1 tiene 4 hijos, 17 nietos y 37 ni\u00f1os peque\u00f1os...)<\/span> El Padre Jean le Berrigaud ha aceptado venir a celebrar la misa, de la cual 3 palabras importantes se citan como pilares de una vida santa y plena: la <strong>fe<\/strong>, la <strong>alegr\u00eda<\/strong> y el <strong>amor<\/strong> ... <em>\u00abPermaneced en mi amor y vuestra alegr\u00eda ser\u00e1 perfecta!\u00bb<\/em><\/p><p style=\"text-align: justify;\"><strong>Mam\u00e1 estaba muy emocionada de que las hermanas presentes vinieran a besarla y desearle un feliz cumplea\u00f1os!\u00a0 \u00a1Gracias, queridas hermanas! Sois de nuestra familia: la nuestra, y la de Cristo con la Virgen Mar\u00eda y Santa Ana. Con ustedes hemos rezado, cantado, alabado y dado gracias por la salud y la vida plena de nuestra madre. Muchas gracias, queridas hermanas.<\/strong><\/p><p><span class=\"reference\"><strong><em>Veronique VEILL\u00c9 CHANCERELLE con R\u00e9mi, mi marido y mis 4 hijos. <\/em><\/strong><em>Publicado el 3 de septiembre de 2026<\/em><\/span><\/p>","_et_gb_content_width":"","footnotes":""},"categories":[43],"tags":[],"class_list":["post-26029","post","type-post","status-publish","format-standard","has-post-thumbnail","hentry","category-en-el-mundo"],"acf":[],"_links":{"self":[{"href":"https:\/\/www.fillesstesprit.org\/es\/wp-json\/wp\/v2\/posts\/26029","targetHints":{"allow":["GET"]}}],"collection":[{"href":"https:\/\/www.fillesstesprit.org\/es\/wp-json\/wp\/v2\/posts"}],"about":[{"href":"https:\/\/www.fillesstesprit.org\/es\/wp-json\/wp\/v2\/types\/post"}],"author":[{"embeddable":true,"href":"https:\/\/www.fillesstesprit.org\/es\/wp-json\/wp\/v2\/users\/1"}],"replies":[{"embeddable":true,"href":"https:\/\/www.fillesstesprit.org\/es\/wp-json\/wp\/v2\/comments?post=26029"}],"version-history":[{"count":5,"href":"https:\/\/www.fillesstesprit.org\/es\/wp-json\/wp\/v2\/posts\/26029\/revisions"}],"predecessor-version":[{"id":26042,"href":"https:\/\/www.fillesstesprit.org\/es\/wp-json\/wp\/v2\/posts\/26029\/revisions\/26042"}],"wp:featuredmedia":[{"embeddable":true,"href":"https:\/\/www.fillesstesprit.org\/es\/wp-json\/wp\/v2\/media\/26013"}],"wp:attachment":[{"href":"https:\/\/www.fillesstesprit.org\/es\/wp-json\/wp\/v2\/media?parent=26029"}],"wp:term":[{"taxonomy":"category","embeddable":true,"href":"https:\/\/www.fillesstesprit.org\/es\/wp-json\/wp\/v2\/categories?post=26029"},{"taxonomy":"post_tag","embeddable":true,"href":"https:\/\/www.fillesstesprit.org\/es\/wp-json\/wp\/v2\/tags?post=26029"}],"curies":[{"name":"wp","href":"https:\/\/api.w.org\/{rel}","templated":true}]}}