{"id":26085,"date":"2026-09-06T07:24:53","date_gmt":"2026-09-06T05:24:53","guid":{"rendered":"https:\/\/www.fillesstesprit.org\/?p=26085"},"modified":"2026-09-06T09:01:17","modified_gmt":"2026-09-06T07:01:17","slug":"isla-blanca-tierra-de-anclaje-de-nuestra-fe","status":"publish","type":"post","link":"https:\/\/www.fillesstesprit.org\/es\/isla-blanca-tierra-de-anclaje-de-nuestra-fe\/","title":{"rendered":"Isla Blanca: \u00abtierra de anclaje de nuestra fe\u00bb"},"content":{"rendered":"<p>[et_pb_section fb_built=\u00bb1&#8243; _builder_version=\u00bb4.16&#8243; global_colors_info=\u00bb{}\u00bb][et_pb_row _builder_version=\u00bb4.16&#8243; background_size=\u00bbinitial\u00bb background_position=\u00bbtop_left\u00bb background_repeat=\u00bbrepeat\u00bb global_colors_info=\u00bb{}\u00bb][et_pb_column type=\u00bb4_4&#8243; _builder_version=\u00bb4.16&#8243; custom_padding=\u00bb|||\u00bb global_colors_info=\u00bb{}\u00bb custom_padding__hover=\u00bb|||\u00bb][et_pb_text admin_label=\u00bbTexte\u00bb _builder_version=\u00bb4.27.8&#8243; background_size=\u00bbinitial\u00bb background_position=\u00bbtop_left\u00bb background_repeat=\u00bbrepeat\u00bb hover_enabled=\u00bb0&#8243; global_colors_info=\u00bb{}\u00bb sticky_enabled=\u00bb0&#8243;]<\/p>\n<p style=\"text-align: justify;\">Nos complace volver a la apertura oficial de los 100 a\u00f1os de esta \u00abtierra\u00bb por parte de la superiora general de la congregaci\u00f3n de las Hijas del Esp\u00edritu Santo, Sor Ann ALMADOVAR: ella nos sit\u00faa en un sitio encantador que podemos admirar,\u00a0 <em><strong>\u00abtierra de nuestros antepasados, entre sol y nube, entre brisa y tormenta, entre tierra y mar\u00bb<\/strong>,<\/em> sitio maravillosamente cuidado y \u00abtierra\u00bb fecunda gracias a asociaciones y voluntarios que agradecen calurosamente. Tambi\u00e9n evoca su belleza oculta, toda interior, que desarrollan y desarrollan las muchas personas en busca de b\u00fasqueda espiritual que frecuentan este lugar.<\/p>\n<p style=\"text-align: justify;\"><strong>En este 23 de agosto de la celebraci\u00f3n del centenario,<\/strong> el sitio est\u00e1 poblado por Hijas del Esp\u00edritu Santo pero tambi\u00e9n por personalidades civiles y religiosas: el alcalde de Locquirec y los adjuntos, los delegados del municipio de Plestin-les-Gr\u00e8ves, el obispo de Quimper, Monse\u00f1or Dognin con varios sacerdotes, entre ellos el futuro capell\u00e1n de la Isla Blanca, la vicepresidenta de la CORREF (Conferencia de religiosos y religiosas de Francia), delegados de congregaciones religiosas invitadas y numerosos invitados y amigos de toda la regi\u00f3n&#8230;<\/p>\n<p style=\"text-align: justify;\"><strong>Esta apertura nos introduce en el clima de la casa, un clima de fraternidad<\/strong>, donde cada uno es bien conocido, reconocido por su funci\u00f3n y su servicio: el Sr. Thierry y su consejo de administraci\u00f3n, la Sra. Forget, directora con todo el personal asalariado de todos los servicios de esta casa&#8230; sin contar los voluntarios que se suceden en la recepci\u00f3n, la animaci\u00f3n, la decoraci\u00f3n&#8230; etc. Y lugar a Bruno Gautier y sus m\u00fasicos:<br \/><strong>nos llevan al dinamismo del encuentro festivo, a poner rumbo <\/strong><strong><em>\u00abEn la tierra de nuestros viejos padres donde hemos anclado nuestra fe&#8230;\u00bb<\/em><\/strong><strong> *<\/strong><\/p>\n<p style=\"text-align: justify;\">Ha llegado el momento de hacer memoria del pasado en que hemos intentado, seg\u00fan la expresi\u00f3n de nuestra Regla de vida <span class=\"reference\">(art. 1, 3)<\/span>, <em>\u00abcon las mujeres y los hombres de aquel tiempo, despertar a la cuesti\u00f3n de Dios y participar en el nacimiento y crecimiento de comunidades animadas por el Evangelio \u00bb<\/em><\/p>\n<p style=\"text-align: justify;\"><strong>Para descubrir el comienzo de la Isla Blanca,<\/strong> estamos guiados por Sor Anne-Marie Tromeur, archivista de la congr\u00e9gation.<br \/><strong>1926<\/strong>; Desde hace algunos a\u00f1os, los responsables de la congregaci\u00f3n buscan un lugar de vida para sus j\u00f3venes * que, desde 1898, viven en la Casa Madre en Saint-Brieuc; pero diversos acontecimientos han vuelto inh\u00f3spita esta Casa para estos j\u00f3venes: Afluencia de las hermanas expulsadas de sus escuelas en 1904, por la ley de Combes, acogida de soldados heridos entre 1914-1919 y epidemias que entonces azotaban&#8230;<br \/>He aqu\u00ed que al final de una \u00abnovena a San Jos\u00e9\u00bb, se presenta una oportunidad: <strong>un castillo<\/strong> construido en 1661 -propiedad de 7 ha-, situado a orillas del Douron*, en los confines de los departamentos de Finist\u00e8re y de la Costa del Norte, est\u00e1 en venta: pertenece a un ingl\u00e9s, el se\u00f1or Norton, abogado del vicepresidenterey de la India. El 26 de septiembre de 1926, los responsables de la congregaci\u00f3n, informados por la direcci\u00f3n de la ense\u00f1anza cat\u00f3lica de Quimper, toman inmediatamente en consideraci\u00f3n el asunto&#8230; Y el 10 de noviembre, \u00a1la propiedad se compra! A partir de ese d\u00eda, 3 j\u00f3venes y 2 hermanas vienen a alojarse en el castillo&#8230; junto con otros 30, el 10 de diciembre siguiente!<\/p>\n<p><span class=\"reference\">Por la hermana Armandine BAGOT, FSE, comunidad Maison-m\u00e8re, Saint-Brieuc. Publicado el 5 de septiembre de 2026<\/span><\/p>\n<p><span class=\"reference\"><em>\u00a0<\/em><em>*\u00a0 Estribillo<\/em> del canto festivo<\/span><br \/><strong><span class=\"reference\">En la tierra de nuestros viejos padres,<\/span><\/strong><br \/><strong><span class=\"reference\">Hemos afianzado nuestra fe.<\/span><\/strong><br \/><strong><span class=\"reference\">M\u00e1s all\u00e1 de mares y fronteras<\/span><\/strong><br \/><strong><span class=\"reference\">Es el Esp\u00edritu de Dios quien nos env\u00eda.<\/span><\/strong><br \/><span class=\"reference\">*Juvenista: persona que realiza su noviciado, un per\u00edodo de estudios y formaci\u00f3n previo al noviciado, seg\u00fan las congregaciones, con vistas a convertirse en religiosa<\/span><br \/><span class=\"reference\">*El Douron es un peque\u00f1o r\u00edo costero franc\u00e9s de Breta\u00f1a que desemboca en el Canal de la Mancha entre el Finisterre y las C\u00f4tes-d&#8217;Armor.<\/span><\/p>\n<p>&nbsp;<\/p>\n<p>[\/et_pb_text][et_pb_gallery gallery_ids=\u00bb26055,26058,26061,26064,26067,26070,26073,26076,26079&#8243; posts_number=\u00bb20&#8243; show_title_and_caption=\u00bboff\u00bb show_pagination=\u00bboff\u00bb _builder_version=\u00bb4.27.8&#8243; _module_preset=\u00bbdefault\u00bb global_colors_info=\u00bb{}\u00bb][\/et_pb_gallery][\/et_pb_column][\/et_pb_row][\/et_pb_section]<\/p>\n","protected":false},"excerpt":{"rendered":"<p>Nos complace volver a la apertura oficial de los 100 a\u00f1os de esta \u00abtierra\u00bb por parte de la superiora general de la congregaci\u00f3n de las Hijas del Esp\u00edritu Santo, Sor Ann ALMADOVAR: ella nos sit\u00faa en un sitio encantador que podemos admirar,\u00a0 \u00abtierra de nuestros antepasados, entre sol y nube, entre brisa y tormenta, entre [&hellip;]<\/p>\n","protected":false},"author":1,"featured_media":26050,"comment_status":"closed","ping_status":"closed","sticky":false,"template":"","format":"standard","meta":{"_acf_changed":false,"_et_pb_use_builder":"on","_et_pb_old_content":"<p>Nos complace volver a la apertura oficial de los 100 a\u00f1os de esta \"tierra\" por parte de la superiora general de la congregaci\u00f3n de las Hijas del Esp\u00edritu Santo, Sor Ann ALMADOVAR: ella nos sit\u00faa en un sitio encantador que podemos admirar,\u00a0 <em>\u00abtierra de nuestros antepasados, entre sol y nube, entre brisa y tormenta, entre tierra y mar\u00bb,<\/em> sitio maravillosamente cuidado y \u00abtierra\u00bb fecunda gracias a asociaciones y voluntarios que agradecen calurosamente. Tambi\u00e9n evoca su belleza oculta, toda interior, que desarrollan y desarrollan las muchas personas en busca de b\u00fasqueda espiritual que frecuentan este lugar.<\/p><p><strong>En este 23 de agosto de la celebraci\u00f3n del centenario,<\/strong> el sitio est\u00e1 poblado por Hijas del Esp\u00edritu Santo pero tambi\u00e9n por personalidades civiles y religiosas: el alcalde de Locquirec y los adjuntos, los delegados del municipio de Plestin-les-Gr\u00e8ves, el obispo de Quimper, Monse\u00f1or Dognin con varios sacerdotes, entre ellos el futuro capell\u00e1n de la Isla Blanca, la vicepresidenta de la CORREF (Conferencia de religiosos y religiosas de Francia), delegados de congregaciones religiosas invitadas y numerosos invitados y amigos de toda la regi\u00f3n...<\/p><p><strong>Esta apertura nos introduce en el clima de la casa, un clima de fraternidad<\/strong>, donde cada uno es bien conocido, reconocido por su funci\u00f3n y su servicio: el Sr. Thierry y su consejo de administraci\u00f3n, la Sra. Forget, directora con todo el personal asalariado de todos los servicios de esta casa... sin contar los voluntarios que se suceden en la recepci\u00f3n, la animaci\u00f3n, la decoraci\u00f3n... etc. Y lugar a Bruno Gautier y sus m\u00fasicos: <br \/><strong>nos llevan al dinamismo del encuentro festivo, a poner rumbo <\/strong><strong><em>\"En la tierra de nuestros viejos padres donde hemos anclado nuestra fe...\"<\/em><\/strong><strong> *<\/strong><\/p><p>Ha llegado el momento de hacer memoria del pasado en que hemos intentado, seg\u00fan la expresi\u00f3n de nuestra Regla de vida (art. 1, 3), <em>\u00abcon las mujeres y los hombres de aquel tiempo, despertar a la cuesti\u00f3n de Dios y participar en el nacimiento y crecimiento de comunidades animadas por el Evangelio \u00bb. <br \/><\/em>Para descubrir el comienzo de la Isla Blanca, estamos guiados por Sor Anne-Marie Tromeur, archivista de la congregaci\u00f3<strong>1926<\/strong>; Desde hace algunos a\u00f1os, los responsables de la congregaci\u00f3n buscan un lugar de vida para sus j\u00f3venes * que, desde 1898, viven en la Casa Madre en Saint-Brieuc; pero diversos acontecimientos han vuelto inh\u00f3spita esta Casa para estos j\u00f3venes: Afluencia de las hermanas expulsadas de sus escuelas en 1904, por la ley de Combes, acogida de soldados heridos entre 1914-1919 y epidemias que entonces azotaban...<\/p><p>He aqu\u00ed que al final de una \"novena a San Jos\u00e9\", se presenta una oportunidad: <strong>un castillo<\/strong> construido en 1661 -propiedad de 7 ha-, situado a orillas del Douron*, en los confines de los departamentos de Finist\u00e8re y de la Costa del Norte, est\u00e1 en venta: pertenece a un ingl\u00e9s, el se\u00f1or Norton, abogado del vicepresidenterey de la India. El 26 de septiembre de 1926, los responsables de la congregaci\u00f3n, informados por la direcci\u00f3n de la ense\u00f1anza cat\u00f3lica de Quimper, toman inmediatamente en consideraci\u00f3n el asunto... Y el 10 de noviembre, \u00a1la propiedad se compra! A partir de ese d\u00eda, 3 j\u00f3venes y 2 hermanas vienen a alojarse en el castillo... junto con otros 30, el 10 de diciembre siguiente!<\/p><p><span class=\"reference\">Por la hermana Armandine BAGOT, FSE, comunidad Maison-m\u00e8re, Saint-Brieuc. Publicado el 5 de septiembre de 2026<\/span><\/p><p><span class=\"reference\"><em>\u00a0<\/em><em>*\u00a0 Estribillo<\/em> del canto festivo<\/span><br \/><strong><span class=\"reference\">En la tierra de nuestros viejos padres,<\/span><\/strong><br \/><strong><span class=\"reference\">Hemos afianzado nuestra fe.<\/span><\/strong><br \/><strong><span class=\"reference\">M\u00e1s all\u00e1 de mares y fronteras<\/span><\/strong><br \/><strong><span class=\"reference\">Es el Esp\u00edritu de Dios quien nos env\u00eda.<\/span><\/strong><br \/><span class=\"reference\">*Juvenista: persona que realiza su noviciado, un per\u00edodo de estudios y formaci\u00f3n previo al noviciado, seg\u00fan las congregaciones, con vistas a convertirse en religiosa<\/span><br \/><span class=\"reference\">*El Douron es un peque\u00f1o r\u00edo costero franc\u00e9s de Breta\u00f1a que desemboca en el Canal de la Mancha entre el Finisterre y las C\u00f4tes-d'Armor.<\/span><\/p><p>\u00a0<\/p>","_et_gb_content_width":"","footnotes":""},"categories":[43],"tags":[],"class_list":["post-26085","post","type-post","status-publish","format-standard","has-post-thumbnail","hentry","category-en-el-mundo"],"acf":[],"_links":{"self":[{"href":"https:\/\/www.fillesstesprit.org\/es\/wp-json\/wp\/v2\/posts\/26085","targetHints":{"allow":["GET"]}}],"collection":[{"href":"https:\/\/www.fillesstesprit.org\/es\/wp-json\/wp\/v2\/posts"}],"about":[{"href":"https:\/\/www.fillesstesprit.org\/es\/wp-json\/wp\/v2\/types\/post"}],"author":[{"embeddable":true,"href":"https:\/\/www.fillesstesprit.org\/es\/wp-json\/wp\/v2\/users\/1"}],"replies":[{"embeddable":true,"href":"https:\/\/www.fillesstesprit.org\/es\/wp-json\/wp\/v2\/comments?post=26085"}],"version-history":[{"count":5,"href":"https:\/\/www.fillesstesprit.org\/es\/wp-json\/wp\/v2\/posts\/26085\/revisions"}],"predecessor-version":[{"id":26101,"href":"https:\/\/www.fillesstesprit.org\/es\/wp-json\/wp\/v2\/posts\/26085\/revisions\/26101"}],"wp:featuredmedia":[{"embeddable":true,"href":"https:\/\/www.fillesstesprit.org\/es\/wp-json\/wp\/v2\/media\/26050"}],"wp:attachment":[{"href":"https:\/\/www.fillesstesprit.org\/es\/wp-json\/wp\/v2\/media?parent=26085"}],"wp:term":[{"taxonomy":"category","embeddable":true,"href":"https:\/\/www.fillesstesprit.org\/es\/wp-json\/wp\/v2\/categories?post=26085"},{"taxonomy":"post_tag","embeddable":true,"href":"https:\/\/www.fillesstesprit.org\/es\/wp-json\/wp\/v2\/tags?post=26085"}],"curies":[{"name":"wp","href":"https:\/\/api.w.org\/{rel}","templated":true}]}}