{"id":6547,"date":"2023-05-23T11:28:23","date_gmt":"2023-05-23T09:28:23","guid":{"rendered":"https:\/\/www.fillesstesprit.org\/?p=6547"},"modified":"2023-05-24T14:49:58","modified_gmt":"2023-05-24T12:49:58","slug":"movimiento-ace-copmonde-60-anos","status":"publish","type":"post","link":"https:\/\/www.fillesstesprit.org\/es\/movimiento-ace-copmonde-60-anos\/","title":{"rendered":"Movimiento ACE COP\u2019MONDE : 60 A\u00d1OS"},"content":{"rendered":"<p>[et_pb_section fb_built=\u00bb1&#8243; admin_label=\u00bbsection\u00bb _builder_version=\u00bb4.16&#8243; global_colors_info=\u00bb{}\u00bb][et_pb_row admin_label=\u00bbrow\u00bb _builder_version=\u00bb4.16&#8243; background_size=\u00bbinitial\u00bb background_position=\u00bbtop_left\u00bb background_repeat=\u00bbrepeat\u00bb global_colors_info=\u00bb{}\u00bb][et_pb_column type=\u00bb4_4&#8243; _builder_version=\u00bb4.16&#8243; custom_padding=\u00bb|||\u00bb global_colors_info=\u00bb{}\u00bb custom_padding__hover=\u00bb|||\u00bb][et_pb_text admin_label=\u00bbText\u00bb _builder_version=\u00bb4.20.4&#8243; background_size=\u00bbinitial\u00bb background_position=\u00bbtop_left\u00bb background_repeat=\u00bbrepeat\u00bb global_colors_info=\u00bb{}\u00bb]<\/p>\n<p style=\"text-align: justify;\"><strong>Del 11 al 13 de abril de 2023 tuvo lugar, en la parroquia de Zamengoue, de los Misioneros del Sagrado-Coraz\u00f3n de Mar\u00eda, Di\u00f3cesis de Obala, Regi\u00f3n Central de Camer\u00fan, la clausura de las actividades del sexag\u00e9simo aniversario del movimiento ACE &#8211; Acci\u00f3n Cat\u00f3lica de los Ni\u00f1os-. Participaron 120 Buddies, es decir \u00bb COP&#8217; WORLD \u00ab, y supervisores de las 26 Di\u00f3cesis de Camer\u00fan.<\/strong><\/p>\n<p style=\"text-align: justify;\">Tuve el privilegio de acompa\u00f1ar a los dos Cop&#8217; Monde que iban a representar a nuestra di\u00f3cesis de Yagoua. La ACE Cop&#8217; Monde es un movimiento que re\u00fane a ni\u00f1os de 6 a 12 a\u00f1os. Su objetivo es dar a conocer a Jesucristo a los ni\u00f1os, ense\u00f1arles a ser siempre alegres, a sonre\u00edr, a estar contentos, a ser amigos de todos, a tener buen coraz\u00f3n, a amar el trabajo, a ser valientes, a saber decir la verdad, a ser educados, respetuosos y obedientes con los padres y los mayores.\u00a0 <strong><em>\u00abLo qu\u2019has ocultado a los sabios y entendidos, lo has revelado a los peque\u00f1os\u00bb<\/em><\/strong><span class=\"reference\"> (Mt 11,25-27)<\/span>, fue el tema de este jubileo de 60 a\u00f1os.\u00a0 El orador mostr\u00f3 a los Buddies cu\u00e1nto nos ama Dios y les invit\u00f3 a amar a Dios y al pr\u00f3jimo de la misma manera.<\/p>\n<p style=\"text-align: justify;\">Adem\u00e1s, los Buddies disfrutaron de dos momentos estelares que fueron muy apreciados por todos.\u00a0 En primer lugar, un tiempo sobre las <strong>Tecnolog\u00edas de la Informaci\u00f3n y la Comunicaci\u00f3n<\/strong> (TIC): en \u00e9l se les inform\u00f3 sobre las ventajas e inconvenientes y el uso de las TIC. Este tema ten\u00eda como objetivo saber c\u00f3mo hacer una investigaci\u00f3n \u00fatil, sana y eficaz. Sigui\u00f3 un tiempo de reflexi\u00f3n sobre <strong>el medio ambiente<\/strong>: se inici\u00f3 a los Buddies a plantar \u00e1rboles, a no arrojar bolsas de pl\u00e1stico en la naturaleza y a amar y respetar nuestra \u00abcasa com\u00fan\u00bb. <strong><em><span class=\"reference\">(Cf. la enc\u00edclica Laudato Si).<br \/><\/span><\/em><\/strong>Los supervisores y expositores instaron a los Buddies a transmitir todo lo que han recibido a otros Buddies de sus respectivas di\u00f3cesis.<br \/>Estos dos d\u00edas estuvieron animados por juegos, bailes, conciertos religiosos, dibujos, tejido de punto, trabajo en los cruces por di\u00f3cesis y por los juegos de los \u00abincollables\u00bb.<\/p>\n<p style=\"text-align: justify;\">Los Buddies estuvieron muy contentos de su estancia en Zamengou\u00e9 y de estar juntos para la celebraci\u00f3n del sexag\u00e9simo aniversario del movimiento ACE..<br \/>Una misa de acci\u00f3n de gracias y el reparto de la tarta del 60\u00ba aniversario de ACE Cop&#8217; Monde marcaron el final de la ceremonia.\u00a0 Eran entonces las 13 horas cuando el capell\u00e1n nacional, en su oraci\u00f3n de clausura y despedida, encomend\u00f3 el viaje de regreso de los Buddies y de todos, a la protecci\u00f3n maternal de la Sant\u00edsima Virgen Mar\u00eda.<\/p>\n<p style=\"text-align: justify;\"><span class=\"reference\"><strong><em>Hermana KOVOU Jenevi\u00e8ve, FSE<\/em><\/strong><em>. Publicado el 23 de mayo de 2023<\/em><\/span><\/p>\n<p>[\/et_pb_text][et_pb_gallery gallery_ids=\u00bb6534,6537,6540&#8243; posts_number=\u00bb20&#8243; show_title_and_caption=\u00bboff\u00bb show_pagination=\u00bboff\u00bb _builder_version=\u00bb4.20.4&#8243; _module_preset=\u00bbdefault\u00bb global_colors_info=\u00bb{}\u00bb][\/et_pb_gallery][\/et_pb_column][\/et_pb_row][\/et_pb_section]<\/p>\n","protected":false},"excerpt":{"rendered":"<p>Del 11 al 13 de abril de 2023 tuvo lugar, en la parroquia de Zamengoue, de los Misioneros del Sagrado-Coraz\u00f3n de Mar\u00eda, Di\u00f3cesis de Obala, Regi\u00f3n Central de Camer\u00fan, la clausura de las actividades del sexag\u00e9simo aniversario del movimiento ACE &#8211; Acci\u00f3n Cat\u00f3lica de los Ni\u00f1os-. Participaron 120 Buddies, es decir \u00bb COP&#8217; WORLD \u00ab, [&hellip;]<\/p>\n","protected":false},"author":1,"featured_media":6528,"comment_status":"open","ping_status":"open","sticky":false,"template":"","format":"standard","meta":{"_acf_changed":false,"_et_pb_use_builder":"on","_et_pb_old_content":"<p style=\"text-align: justify;\"><strong>Del 11 al 13 de abril de 2023 tuvo lugar, en la parroquia de Zamengoue, de los Misioneros del Sagrado Coraz\u00f3n de Mar\u00eda, Di\u00f3cesis de Obala, Regi\u00f3n Central de Camer\u00fan, la clausura de las actividades del sexag\u00e9simo aniversario del movimiento ACE - Acci\u00f3n Cat\u00f3lica de los Ni\u00f1os-. Participaron 120 Buddies, es decir \" COP' WORLD \", y supervisores de las 26 Di\u00f3cesis de Camer\u00fan.<\/strong><\/p>\r\n<p style=\"text-align: justify;\">Tuve el privilegio de acompa\u00f1ar a los dos Cop' Monde que iban a representar a nuestra di\u00f3cesis de Yagoua. La ACE Cop' Monde es un movimiento que re\u00fane a ni\u00f1os de 6 a 12 a\u00f1os. Su objetivo es dar a conocer a Jesucristo a los ni\u00f1os, ense\u00f1arles a ser siempre alegres, a sonre\u00edr, a estar contentos, a ser amigos de todos, a tener buen coraz\u00f3n, a amar el trabajo, a ser valientes, a saber decir la verdad, a ser educados, respetuosos y obedientes con los padres y los mayores.\u00a0 <strong><em>\"Lo qu\u2019has ocultado a los sabios y entendidos, lo has revelado a los peque\u00f1os\"<\/em><\/strong><span class=\"reference\"> (Mt 11,25-27)<\/span>, fue el tema de este jubileo de 60 a\u00f1os.\u00a0 El orador mostr\u00f3 a los Buddies cu\u00e1nto nos ama Dios y les invit\u00f3 a amar a Dios y al pr\u00f3jimo de la misma manera.<\/p>\r\n<p style=\"text-align: justify;\">Adem\u00e1s, los Buddies disfrutaron de dos momentos estelares que fueron muy apreciados por todos.\u00a0 En primer lugar, un tiempo sobre las <strong>Tecnolog\u00edas de la Informaci\u00f3n y la Comunicaci\u00f3n<\/strong> (TIC): en \u00e9l se les inform\u00f3 sobre las ventajas e inconvenientes y el uso de las TIC. Este tema ten\u00eda como objetivo saber c\u00f3mo hacer una investigaci\u00f3n \u00fatil, sana y eficaz. Sigui\u00f3 un tiempo de reflexi\u00f3n sobre <strong>el medio ambiente<\/strong>: se inici\u00f3 a los Buddies a plantar \u00e1rboles, a no arrojar bolsas de pl\u00e1stico en la naturaleza y a amar y respetar nuestra \"casa com\u00fan\". <strong><em><span class=\"reference\">(Cf. la enc\u00edclica Laudato Si).\r\n<\/span><\/em><\/strong>Los supervisores y expositores instaron a los Buddies a transmitir todo lo que han recibido a otros Buddies de sus respectivas di\u00f3cesis.\r\nEstos dos d\u00edas estuvieron animados por juegos, bailes, conciertos religiosos, dibujos, tejido de punto, trabajo en los cruces por di\u00f3cesis y por los juegos de los \"incollables\".<\/p>\r\n<p style=\"text-align: justify;\">Los Buddies estuvieron muy contentos de su estancia en Zamengou\u00e9 y de estar juntos para la celebraci\u00f3n del sexag\u00e9simo aniversario del movimiento ACE, Cop-mundo. Una misa de acci\u00f3n de gracias y el reparto de la tarta del 60\u00ba aniversario de ACE Cop' Monde marcaron el final de la ceremonia.\u00a0 Eran entonces las 13 horas cuando el capell\u00e1n nacional, en su oraci\u00f3n de clausura y despedida, encomend\u00f3 el viaje de regreso de los Buddies y de todos, a la protecci\u00f3n maternal de la Sant\u00edsima Virgen Mar\u00eda.<\/p>\r\n<p style=\"text-align: justify;\"><span class=\"reference\"><strong><em>Hermana KOVOU Jenevi\u00e8ve, FSE<\/em><\/strong><em>. Publicado el 23 de mayo de 2023<\/em><\/span><\/p>","_et_gb_content_width":"","footnotes":""},"categories":[43],"tags":[],"class_list":["post-6547","post","type-post","status-publish","format-standard","has-post-thumbnail","hentry","category-en-el-mundo"],"acf":[],"_links":{"self":[{"href":"https:\/\/www.fillesstesprit.org\/es\/wp-json\/wp\/v2\/posts\/6547","targetHints":{"allow":["GET"]}}],"collection":[{"href":"https:\/\/www.fillesstesprit.org\/es\/wp-json\/wp\/v2\/posts"}],"about":[{"href":"https:\/\/www.fillesstesprit.org\/es\/wp-json\/wp\/v2\/types\/post"}],"author":[{"embeddable":true,"href":"https:\/\/www.fillesstesprit.org\/es\/wp-json\/wp\/v2\/users\/1"}],"replies":[{"embeddable":true,"href":"https:\/\/www.fillesstesprit.org\/es\/wp-json\/wp\/v2\/comments?post=6547"}],"version-history":[{"count":10,"href":"https:\/\/www.fillesstesprit.org\/es\/wp-json\/wp\/v2\/posts\/6547\/revisions"}],"predecessor-version":[{"id":6577,"href":"https:\/\/www.fillesstesprit.org\/es\/wp-json\/wp\/v2\/posts\/6547\/revisions\/6577"}],"wp:featuredmedia":[{"embeddable":true,"href":"https:\/\/www.fillesstesprit.org\/es\/wp-json\/wp\/v2\/media\/6528"}],"wp:attachment":[{"href":"https:\/\/www.fillesstesprit.org\/es\/wp-json\/wp\/v2\/media?parent=6547"}],"wp:term":[{"taxonomy":"category","embeddable":true,"href":"https:\/\/www.fillesstesprit.org\/es\/wp-json\/wp\/v2\/categories?post=6547"},{"taxonomy":"post_tag","embeddable":true,"href":"https:\/\/www.fillesstesprit.org\/es\/wp-json\/wp\/v2\/tags?post=6547"}],"curies":[{"name":"wp","href":"https:\/\/api.w.org\/{rel}","templated":true}]}}