{"id":9585,"date":"2023-10-04T09:24:40","date_gmt":"2023-10-04T07:24:40","guid":{"rendered":"https:\/\/www.fillesstesprit.org\/?p=9585"},"modified":"2023-10-04T15:31:02","modified_gmt":"2023-10-04T13:31:02","slug":"asociados-latinoamericanos-ecos-de-reuniones","status":"publish","type":"post","link":"https:\/\/www.fillesstesprit.org\/es\/asociados-latinoamericanos-ecos-de-reuniones\/","title":{"rendered":"Asociados latinoamericanos: ecos de reuniones"},"content":{"rendered":"<p>[et_pb_section fb_built=\u00bb1&#8243; _builder_version=\u00bb4.16&#8243; global_colors_info=\u00bb{}\u00bb][et_pb_row _builder_version=\u00bb4.16&#8243; background_size=\u00bbinitial\u00bb background_position=\u00bbtop_left\u00bb background_repeat=\u00bbrepeat\u00bb global_colors_info=\u00bb{}\u00bb][et_pb_column type=\u00bb4_4&#8243; _builder_version=\u00bb4.16&#8243; custom_padding=\u00bb|||\u00bb global_colors_info=\u00bb{}\u00bb custom_padding__hover=\u00bb|||\u00bb][et_pb_text _builder_version=\u00bb4.22.1&#8243; background_size=\u00bbinitial\u00bb background_position=\u00bbtop_left\u00bb background_repeat=\u00bbrepeat\u00bb hover_enabled=\u00bb0&#8243; global_colors_info=\u00bb{}\u00bb sticky_enabled=\u00bb0&#8243;]<\/p>\n<p style=\"text-align: justify;\"><strong>PER\u00da. Asociados del Callao<br \/><\/strong>El 24 de septiembre, se celebr\u00f3 el aniversario N\u207031 de Sovisem (Centro Social) y el reconocimiento por los 32 a\u00f1os de vida Pastoral de la hermana Helena Josse. La celebraci\u00f3n y reconocimiento estuvo muy emotivo y bonito. \u00a0A la hermana Helena se le vio muy contenta, fue un grato y merecido reconocimiento para ella.<br \/><span class=\"reference\"><strong><em>Laura Pe\u00f1a, asociada del Callao \u2013 Per\u00fa<\/em><\/strong><\/span><\/p>\n<p style=\"text-align: justify;\"><strong>CHILE. <\/strong><strong>Asociados<\/strong><strong> de Santiago<br \/><\/strong>El 23 de septiembre, los asociados de Santiago tuvimos nuestro encuentro mensual y realizamos una rifa para juntar m\u00e1s fondos para el encuentro de Lima 2024. La jornada estuvo todo muy amena, se hizo la rifa y lo positivo fue que las personas que ganaron premios eran familiares de los mismos asociados. Adem\u00e1s, programamos otro evento para m\u00e1s adelante, hay mucho entusiasmo y compa\u00f1erismo. Para el 21 de octubre celebraremos el 18 chico (celebraci\u00f3n peque\u00f1a de las Fiestas Patrias) con un almuerzo, Dios mediante.<br \/><span class=\"reference\"><strong><em>Mar\u00eda Teresa Cartes, asociada de Conchal\u00ed \u2013 Santiago<\/em><\/strong><\/span><\/p>\n<p style=\"text-align: justify;\"><strong>CHILE. Asociados de Antofagasta<br \/><\/strong>El 24 de septiembre vivimos nuestro encuentro en alegre convivencia familiar, con oraciones inspiradas en el Papa Francisco y compartidas como Oraci\u00f3n por Chile. Pedimos por el fortalecimiento y la unidad de la Familia, base de nuestra fe y nuestros valores; por la dignidad del trabajo, el respeto, la tolerancia y la inclusi\u00f3n de los inmigrantes; por las nuevas vocaciones religiosas y los fieles laicos; por los responsables de la evangelizaci\u00f3n; por el respeto a los ancianos; por la protecci\u00f3n de la naturaleza&#8230;.<br \/>La capilla estaba decorada con ornamentos patri\u00f3ticos, y terminamos con un acr\u00f3stico del perd\u00f3n con un regalo de flores, pidiendo y dando perd\u00f3n por las heridas, dificultades y malas interpretaciones. Fue un hermoso gesto, que nos ayud\u00f3 a mantener la unidad, la cordialidad y la fraternidad entre nosotros, y la paz y la armon\u00eda para todos. Compartimos un t\u00e9 con deliciosas empanadas y un pedazo de torta para celebrar el cumplea\u00f1os de nuestra querida hermana Doris Miranda. Al final, una paya y un deseo de amistad: <em>\u00abQu\u00e9 bueno verte en este nuevo encuentro, te extra\u00f1o con emoci\u00f3n, pero por el Se\u00f1or nos reencontramos en esta buena ocasi\u00f3n\u00bb.<br \/><\/em><strong>Hoy rezamos por Chile, por la paz, la concordia y la justicia. Rezamos tambi\u00e9n por la armon\u00eda, la fraternidad y la equidad. Pedimos tambi\u00e9n por la gran familia FSE, por su alegr\u00eda y fraternidad. Pedimos que este v\u00ednculo de afecto y solidaridad se mantenga siempre, para que podamos sentir la ternura y el amor de Dios por toda la eternidad.<br \/><span class=\"reference\"><em>Poly Garrido, socia de Antofagasta<\/em><\/span><\/strong><\/p>\n<p><span class=\"reference\"><strong><em>Publicado el 4 de octubre de 2023<br \/><\/em><\/strong><\/span><span class=\"reference\">Fotos.<\/span><br \/><span class=\"reference\">1. Per\u00fa. Afiche para la celebraci\u00f3n del 31 aniversario de Sovisem.<\/span><br \/><span class=\"reference\">2. Per\u00fa. Foto de miembros de la Rama Secular en Callao.<\/span><br \/><span class=\"reference\">3. Per\u00fa. Asociados del Callao.<\/span><br \/><span class=\"reference\">4. Chile. Asociados de Santiago<\/span><br \/><span class=\"reference\">5. Chile. Asociados de Saintiago<\/span><br \/><span class=\"reference\">6. Chile. Asociados de Antofagasta<\/span><br \/><span class=\"reference\">7. Chile. Asociados de Antofagast<\/span><br \/><span class=\"reference\">8. Todas estas fotos<\/span><\/p>\n<p>[\/et_pb_text][et_pb_gallery gallery_ids=\u00bb9559,9562,9565,9568,9571,9574,9577,9580&#8243; posts_number=\u00bb20&#8243; show_title_and_caption=\u00bboff\u00bb show_pagination=\u00bboff\u00bb _builder_version=\u00bb4.22.1&#8243; _module_preset=\u00bbdefault\u00bb global_colors_info=\u00bb{}\u00bb][\/et_pb_gallery][\/et_pb_column][\/et_pb_row][\/et_pb_section]<\/p>\n","protected":false},"excerpt":{"rendered":"<p>PER\u00da. Asociados del CallaoEl 24 de septiembre, se celebr\u00f3 el aniversario N\u207031 de Sovisem (Centro Social) y el reconocimiento por los 32 a\u00f1os de vida Pastoral de la hermana Helena Josse. La celebraci\u00f3n y reconocimiento estuvo muy emotivo y bonito. \u00a0A la hermana Helena se le vio muy contenta, fue un grato y merecido reconocimiento [&hellip;]<\/p>\n","protected":false},"author":1,"featured_media":9595,"comment_status":"closed","ping_status":"closed","sticky":false,"template":"","format":"standard","meta":{"_acf_changed":false,"_et_pb_use_builder":"on","_et_pb_old_content":"<p style=\"text-align: justify;\"><strong>PER\u00da. Asociados del Callao <br \/><\/strong>El 24 de septiembre, se celebr\u00f3 el aniversario N\u207031 de Sovisem (Centro Social) y el reconocimiento por los 32 a\u00f1os de vida Pastoral de la hermana Helena Josse. La celebraci\u00f3n y reconocimiento estuvo muy emotivo y bonito. \u00a0A la hermana Helena se le vio muy contenta, fue un grato y merecido reconocimiento para ella.<br \/><span class=\"reference\"><strong><em>Laura Pe\u00f1a, asociada del Callao \u2013 Per\u00fa<\/em><\/strong><\/span><\/p><p style=\"text-align: justify;\"><strong>CHILE. <\/strong><strong>Asociados<\/strong><strong> de Santiago<br \/><\/strong>El 23 de septiembre, los asociados de Santiago tuvimos nuestro encuentro mensual y realizamos una rifa para juntar m\u00e1s fondos para el encuentro de Lima 2024. La jornada estuvo todo muy amena, se hizo la rifa y lo positivo fue que las personas que ganaron premios eran familiares de los mismos asociados. Adem\u00e1s, programamos otro evento para m\u00e1s adelante, hay mucho entusiasmo y compa\u00f1erismo. Para el 21 de octubre celebraremos el 18 chico (celebraci\u00f3n peque\u00f1a de las Fiestas Patrias) con un almuerzo, Dios mediante.<br \/><span class=\"reference\"><strong><em>Mar\u00eda Teresa Cartes, asociada de Conchal\u00ed \u2013 Santiago<\/em><\/strong><\/span><\/p><p style=\"text-align: justify;\"><strong>CHILE. Asociados de Antofagasta<br \/><\/strong>El 24 de septiembre vivimos nuestro encuentro en alegre convivencia familiar, con oraciones inspiradas en el Papa Francisco y compartidas como Oraci\u00f3n por Chile. Pedimos por el fortalecimiento y la unidad de la Familia, base de nuestra fe y nuestros valores; por la dignidad del trabajo, el respeto, la tolerancia y la inclusi\u00f3n de los inmigrantes; por las nuevas vocaciones religiosas y los fieles laicos; por los responsables de la evangelizaci\u00f3n; por el respeto a los ancianos; por la protecci\u00f3n de la naturaleza....<br \/>La capilla estaba decorada con ornamentos patri\u00f3ticos, y terminamos con un acr\u00f3stico del perd\u00f3n con un regalo de flores, pidiendo y dando perd\u00f3n por las heridas, dificultades y malas interpretaciones. Fue un hermoso gesto, que nos ayud\u00f3 a mantener la unidad, la cordialidad y la fraternidad entre nosotros, y la paz y la armon\u00eda para todos. Compartimos un t\u00e9 con deliciosas empanadas y un pedazo de torta para celebrar el cumplea\u00f1os de nuestra querida hermana Doris Miranda. Al final, una paya y un deseo de amistad: <em>\"Qu\u00e9 bueno verte en este nuevo encuentro, te extra\u00f1o con emoci\u00f3n, pero por el Se\u00f1or nos reencontramos en esta buena ocasi\u00f3n\".<br \/><\/em><strong>Hoy rezamos por Chile, por la paz, la concordia y la justicia. Rezamos tambi\u00e9n por la armon\u00eda, la fraternidad y la equidad. Pedimos tambi\u00e9n por la gran familia FSE, por su alegr\u00eda y fraternidad. Pedimos que este v\u00ednculo de afecto y solidaridad se mantenga siempre, para que podamos sentir la ternura y el amor de Dios por toda la eternidad.<br \/><span class=\"reference\"><em>Poly Garrido, socia de Antofagasta<\/em><\/span><\/strong><\/p><p><span class=\"reference\"><strong><em>Publicado el 4 de octubre de 2023<br \/><\/em><\/strong><\/span><span class=\"reference\">Fotos.<\/span><br \/><span class=\"reference\">1. Per\u00fa. Afiche para la celebraci\u00f3n del 31 aniversario de Sovisem.<\/span><br \/><span class=\"reference\">2. Per\u00fa. Asociados del Callao.<\/span><br \/><span class=\"reference\">3. Per\u00fa. Foto de miembros de la Rama Secular en Callao.<\/span><br \/><span class=\"reference\">4. Chile. Asociados de Santiago<\/span><br \/><span class=\"reference\">5. Chile. Asociados de Saintiago<\/span><br \/><span class=\"reference\">6. Chile. Asociados de Antofagasta<\/span><br \/><span class=\"reference\">7. Chile. Asociados de Antofagast<\/span><br \/><span class=\"reference\">8. Todas estas fotos<\/span><\/p>","_et_gb_content_width":"","footnotes":""},"categories":[44],"tags":[],"class_list":["post-9585","post","type-post","status-publish","format-standard","has-post-thumbnail","hentry","category-familia-espiritual"],"acf":[],"_links":{"self":[{"href":"https:\/\/www.fillesstesprit.org\/es\/wp-json\/wp\/v2\/posts\/9585","targetHints":{"allow":["GET"]}}],"collection":[{"href":"https:\/\/www.fillesstesprit.org\/es\/wp-json\/wp\/v2\/posts"}],"about":[{"href":"https:\/\/www.fillesstesprit.org\/es\/wp-json\/wp\/v2\/types\/post"}],"author":[{"embeddable":true,"href":"https:\/\/www.fillesstesprit.org\/es\/wp-json\/wp\/v2\/users\/1"}],"replies":[{"embeddable":true,"href":"https:\/\/www.fillesstesprit.org\/es\/wp-json\/wp\/v2\/comments?post=9585"}],"version-history":[{"count":4,"href":"https:\/\/www.fillesstesprit.org\/es\/wp-json\/wp\/v2\/posts\/9585\/revisions"}],"predecessor-version":[{"id":9608,"href":"https:\/\/www.fillesstesprit.org\/es\/wp-json\/wp\/v2\/posts\/9585\/revisions\/9608"}],"wp:featuredmedia":[{"embeddable":true,"href":"https:\/\/www.fillesstesprit.org\/es\/wp-json\/wp\/v2\/media\/9595"}],"wp:attachment":[{"href":"https:\/\/www.fillesstesprit.org\/es\/wp-json\/wp\/v2\/media?parent=9585"}],"wp:term":[{"taxonomy":"category","embeddable":true,"href":"https:\/\/www.fillesstesprit.org\/es\/wp-json\/wp\/v2\/categories?post=9585"},{"taxonomy":"post_tag","embeddable":true,"href":"https:\/\/www.fillesstesprit.org\/es\/wp-json\/wp\/v2\/tags?post=9585"}],"curies":[{"name":"wp","href":"https:\/\/api.w.org\/{rel}","templated":true}]}}