{"id":9925,"date":"2023-10-26T11:46:11","date_gmt":"2023-10-26T09:46:11","guid":{"rendered":"https:\/\/www.fillesstesprit.org\/?p=9925"},"modified":"2023-10-27T22:22:58","modified_gmt":"2023-10-27T20:22:58","slug":"entrada-en-el-noviciado","status":"publish","type":"post","link":"https:\/\/www.fillesstesprit.org\/es\/entrada-en-el-noviciado\/","title":{"rendered":"Entrada en el noviciado"},"content":{"rendered":"<p>[et_pb_section fb_built=\u00bb1&#8243; _builder_version=\u00bb4.16&#8243; global_colors_info=\u00bb{}\u00bb][et_pb_row _builder_version=\u00bb4.16&#8243; background_size=\u00bbinitial\u00bb background_position=\u00bbtop_left\u00bb background_repeat=\u00bbrepeat\u00bb global_colors_info=\u00bb{}\u00bb][et_pb_column type=\u00bb4_4&#8243; _builder_version=\u00bb4.16&#8243; custom_padding=\u00bb|||\u00bb global_colors_info=\u00bb{}\u00bb custom_padding__hover=\u00bb|||\u00bb][et_pb_text _builder_version=\u00bb4.22.2&#8243; background_size=\u00bbinitial\u00bb background_position=\u00bbtop_left\u00bb background_repeat=\u00bbrepeat\u00bb global_colors_info=\u00bb{}\u00bb]<\/p>\n<h5 style=\"text-align: justify;\"><strong>El mi\u00e9rcoles 18 de octubre de 2023, en la capilla de la casa viceprovincial de Galdima-Maroua, Camer\u00fan, las 4 novicias del primer a\u00f1o entraron oficialmente en el noviciado. Las novicias eran: Yvette, Marie, Edith y Nina. <\/strong><\/h5>\n<p style=\"text-align: justify;\">Estuvieron presentes en la celebraci\u00f3n las hermanas de la comunidad del noviciado y las presentes en la ciudad de Maroua en Djarengol, Makabaye y Galdima.\u00a0 Los textos de oraci\u00f3n y el intercambio de experiencias del camino vocacional de cada una de las novicias fueron a la vez orantes y estimulantes, y alentadores para todos los que vinieron a apoyar a las j\u00f3venes en esta nueva etapa de seguimiento de Cristo.<\/p>\n<p style=\"text-align: justify;\">Yvette: <em>\u00abDurante la celebraci\u00f3n de nuestra entrada en el noviciado, me llen\u00f3 de gran alegr\u00eda dar un paso en la congregaci\u00f3n. Estaba muy contenta de ver a tanta gente ayud\u00e1ndonos. Cuando el viceprovincial me entreg\u00f3 la cruz y la Regla de Vida con las palabras \u00abRecibe&#8230;\u00bb, rec\u00e9 interiormente, dici\u00e9ndome \u00abSe\u00f1or, ven en mi ayuda y ay\u00fadame a poner en pr\u00e1ctica estas palabras y estos consejos. Contin\u00faa ilumin\u00e1ndome mientras te sigo\u00bb<strong>.<\/strong><\/em><\/p>\n<p style=\"text-align: justify;\">Marie: <em>\u00abDurante nuestro retiro previo a esta celebraci\u00f3n, la revisi\u00f3n de mi vida vocacional me ayud\u00f3 a comprender que cada persona tiene una historia \u00fanica. Y eso hizo brotar m\u00e1s alegr\u00eda en m\u00ed. El d\u00eda de la celebraci\u00f3n, cuando la Hermana Ang\u00e8le me entreg\u00f3 la cruz, me invadi\u00f3 una paz interior y un sentimiento de ser amada libremente por Dios. Durante el resto de mi formaci\u00f3n, rezo para que estos sentimientos de paz, alegr\u00eda y amor me acompa\u00f1en siempre.\u00a0\u00bb<\/em><\/p>\n<p style=\"text-align: justify;\">Edith: <em>\u00abDespu\u00e9s de esta celebraci\u00f3n de mi entrada oficial en el noviciado, siento una gran alegr\u00eda interior. Tambi\u00e9n me hizo m\u00e1s consciente de mi elecci\u00f3n de vida. La presentaci\u00f3n de la vela encendida, la cruz y la Regla de Vida me conmovieron sinceramente y me interpelaron sobre la sinceridad de mi elecci\u00f3n de vida. Me sent\u00ed muy feliz de pertenecer a la gran familia de las Hijas del Esp\u00edritu Santo.\u201d<\/em><\/p>\n<p style=\"text-align: justify;\">Nina: <em>\u00abYa de camino a Maroua, me sent\u00eda muy feliz por dentro porque lo simbolizaba con la entrada triunfal de Jes\u00fas en Jerusal\u00e9n, donde se dio cuenta de lo que iba a vivir. Me ve\u00eda yendo a mi entrada oficial en el noviciado: \u00a1qu\u00e9 gran alegr\u00eda! Pero durante la celebraci\u00f3n, cada gesto y cada palabra de las hermanas Ang\u00e8le y Pauline me hicieron comprender m\u00e1s profundamente el sentido de mi elecci\u00f3n de vida, de mi s\u00ed a comenzar la formaci\u00f3n del noviciado y de mi pertenencia a la congregaci\u00f3n. Cuento siempre con la gracia de Dios para vivir seg\u00fan su proyecto sobre m\u00ed y dejarme formar seg\u00fan su voluntad\u00bb.<\/em><\/p>\n<p style=\"text-align: justify;\">La alegr\u00eda de la celebraci\u00f3n, que comenz\u00f3 en la capilla, se encontr\u00f3 tambi\u00e9n en torno a la mesa fraterna, donde pudimos recuperar nuestras fuerzas f\u00edsicas. No cesamos de dar gracias a Dios por el don de la vocaci\u00f3n de todos y m\u00e1s particularmente la de estas j\u00f3venes que entran en la Congregaci\u00f3n. Le pedimos tambi\u00e9n las gracias necesarias para ser verdaderos instrumentos del Se\u00f1or en su formaci\u00f3n. \u00abMarie Balavenne y Ren\u00e9e Burel, rogad por nosotras y por las vocaciones religiosas a las Hijas del Esp\u00edritu Santo.<\/p>\n<p><span class=\"reference\"><em>Transmitido por Ang\u00e8le SILIKAM HARANGA, Viceprovincial, 26 de octubre de 2023. <\/em><em>Publicado el mismo d\u00eda.<\/em><\/span><\/p>\n<p><em>\u00a0<\/em><\/p>\n<p>[\/et_pb_text][et_pb_gallery gallery_ids=\u00bb9902,9905,9908,9911,9914,9917,9920&#8243; posts_number=\u00bb20&#8243; show_title_and_caption=\u00bboff\u00bb show_pagination=\u00bboff\u00bb _builder_version=\u00bb4.22.2&#8243; _module_preset=\u00bbdefault\u00bb global_colors_info=\u00bb{}\u00bb][\/et_pb_gallery][\/et_pb_column][\/et_pb_row][\/et_pb_section]<\/p>\n","protected":false},"excerpt":{"rendered":"<p>El mi\u00e9rcoles 18 de octubre de 2023, en la capilla de la casa viceprovincial de Galdima-Maroua, Camer\u00fan, las 4 novicias del primer a\u00f1o entraron oficialmente en el noviciado. Las novicias eran: Yvette, Marie, Edith y Nina. Estuvieron presentes en la celebraci\u00f3n las hermanas de la comunidad del noviciado y las presentes en la ciudad de [&hellip;]<\/p>\n","protected":false},"author":1,"featured_media":9897,"comment_status":"closed","ping_status":"closed","sticky":false,"template":"","format":"standard","meta":{"_acf_changed":false,"_et_pb_use_builder":"on","_et_pb_old_content":"<h5 style=\"text-align: justify;\"><strong>El mi\u00e9rcoles 18 de octubre de 2023, en la capilla de la casa viceprovincial de Galdima-Maroua, Camer\u00fan, las 4 novicias del primer a\u00f1o entraron oficialmente en el noviciado. Las novicias eran: Yvette, Marie, Edith y Nina. <\/strong><\/h5><p style=\"text-align: justify;\">Estuvieron presentes en la celebraci\u00f3n las hermanas de la comunidad del noviciado y las presentes en la ciudad de Maroua en Djarengol, Makabaye y Galdima.\u00a0 Los textos de oraci\u00f3n y el intercambio de experiencias del camino vocacional de cada una de las novicias fueron a la vez orantes y estimulantes, y alentadores para todos los que vinieron a apoyar a las j\u00f3venes en esta nueva etapa de seguimiento de Cristo.\u00a0<\/p><p style=\"text-align: justify;\">Yvette: \"Durante la celebraci\u00f3n de nuestra entrada en el noviciado, me llen\u00f3 de gran alegr\u00eda dar un paso en la congregaci\u00f3n. Estaba muy contenta de ver a tanta gente ayud\u00e1ndonos. Cuando el viceprovincial me entreg\u00f3 la cruz y la Regla de Vida con las palabras \"Recibe...\", rec\u00e9 interiormente, dici\u00e9ndome \"Se\u00f1or, ven en mi ayuda y ay\u00fadame a poner en pr\u00e1ctica estas palabras y estos consejos. Contin\u00faa ilumin\u00e1ndome mientras te sigo\"<strong>.<\/strong><\/p><p style=\"text-align: justify;\">Marie: \"Durante nuestro retiro previo a esta celebraci\u00f3n, la revisi\u00f3n de mi vida vocacional me ayud\u00f3 a comprender que cada persona tiene una historia \u00fanica. Y eso hizo brotar m\u00e1s alegr\u00eda en m\u00ed. El d\u00eda de la celebraci\u00f3n, cuando la Hermana Ang\u00e8le me entreg\u00f3 la cruz, me invadi\u00f3 una paz interior y un sentimiento de ser amada libremente por Dios. Durante el resto de mi formaci\u00f3n, rezo para que estos sentimientos de paz, alegr\u00eda y amor me acompa\u00f1en siempre.\u00a0\u00bb<\/p><p style=\"text-align: justify;\">Edith: \"Despu\u00e9s de esta celebraci\u00f3n de mi entrada oficial en el noviciado, siento una gran alegr\u00eda interior. Tambi\u00e9n me hizo m\u00e1s consciente de mi elecci\u00f3n de vida. La presentaci\u00f3n de la vela encendida, la cruz y la Regla de Vida me conmovieron sinceramente y me interpelaron sobre la sinceridad de mi elecci\u00f3n de vida. Me sent\u00ed muy feliz de pertenecer a la gran familia de las Hijas del Esp\u00edritu Santo.\u201d<\/p><p style=\"text-align: justify;\">Nina: \"Ya de camino a Maroua, me sent\u00eda muy feliz por dentro porque lo simbolizaba con la entrada triunfal de Jes\u00fas en Jerusal\u00e9n, donde se dio cuenta de lo que iba a vivir. Me ve\u00eda yendo a mi entrada oficial en el noviciado: \u00a1qu\u00e9 gran alegr\u00eda! Pero durante la celebraci\u00f3n, cada gesto y cada palabra de las hermanas Ang\u00e8le y Pauline me hicieron comprender m\u00e1s profundamente el sentido de mi elecci\u00f3n de vida, de mi s\u00ed a comenzar la formaci\u00f3n del noviciado y de mi pertenencia a la congregaci\u00f3n. Cuento siempre con la gracia de Dios para vivir seg\u00fan su proyecto sobre m\u00ed y dejarme formar seg\u00fan su voluntad\".<\/p><p style=\"text-align: justify;\">La alegr\u00eda de la celebraci\u00f3n, que comenz\u00f3 en la capilla, se encontr\u00f3 tambi\u00e9n en torno a la mesa fraterna, donde pudimos recuperar nuestras fuerzas f\u00edsicas. No cesamos de dar gracias a Dios por el don de la vocaci\u00f3n de todos y m\u00e1s particularmente la de estas j\u00f3venes que entran en la Congregaci\u00f3n. Le pedimos tambi\u00e9n las gracias necesarias para ser verdaderos instrumentos del Se\u00f1or en su formaci\u00f3n. \"Marie Balavenne y Ren\u00e9e Burel, rogad por nosotras y por las vocaciones religiosas a las Hijas del Esp\u00edritu Santo.\u00a0\u00a0\u00a0\u00a0<\/p><p><span class=\"reference\"><em>Transmitido por Ang\u00e8le SILIKAM HARANGA, Viceprovincial, 26 de octubre de 2023. <\/em><em>Publicado el mismo d\u00eda.<\/em><\/span><\/p><p><em>\u00a0<\/em><\/p>","_et_gb_content_width":"","footnotes":""},"categories":[44,17],"tags":[],"class_list":["post-9925","post","type-post","status-publish","format-standard","has-post-thumbnail","hentry","category-familia-espiritual","category-famille-internationale"],"acf":[],"_links":{"self":[{"href":"https:\/\/www.fillesstesprit.org\/es\/wp-json\/wp\/v2\/posts\/9925","targetHints":{"allow":["GET"]}}],"collection":[{"href":"https:\/\/www.fillesstesprit.org\/es\/wp-json\/wp\/v2\/posts"}],"about":[{"href":"https:\/\/www.fillesstesprit.org\/es\/wp-json\/wp\/v2\/types\/post"}],"author":[{"embeddable":true,"href":"https:\/\/www.fillesstesprit.org\/es\/wp-json\/wp\/v2\/users\/1"}],"replies":[{"embeddable":true,"href":"https:\/\/www.fillesstesprit.org\/es\/wp-json\/wp\/v2\/comments?post=9925"}],"version-history":[{"count":4,"href":"https:\/\/www.fillesstesprit.org\/es\/wp-json\/wp\/v2\/posts\/9925\/revisions"}],"predecessor-version":[{"id":9936,"href":"https:\/\/www.fillesstesprit.org\/es\/wp-json\/wp\/v2\/posts\/9925\/revisions\/9936"}],"wp:featuredmedia":[{"embeddable":true,"href":"https:\/\/www.fillesstesprit.org\/es\/wp-json\/wp\/v2\/media\/9897"}],"wp:attachment":[{"href":"https:\/\/www.fillesstesprit.org\/es\/wp-json\/wp\/v2\/media?parent=9925"}],"wp:term":[{"taxonomy":"category","embeddable":true,"href":"https:\/\/www.fillesstesprit.org\/es\/wp-json\/wp\/v2\/categories?post=9925"},{"taxonomy":"post_tag","embeddable":true,"href":"https:\/\/www.fillesstesprit.org\/es\/wp-json\/wp\/v2\/tags?post=9925"}],"curies":[{"name":"wp","href":"https:\/\/api.w.org\/{rel}","templated":true}]}}